{"id":3926,"date":"2023-03-14T10:13:15","date_gmt":"2023-03-14T09:13:15","guid":{"rendered":"https:\/\/www.fondazionecrpesaro.it\/fondazione\/?p=3926"},"modified":"2023-03-14T12:58:50","modified_gmt":"2023-03-14T11:58:50","slug":"al-via-la-quinta-edizione-di-articolo-26educazione-futuro-ambientemarzo-ottobre-2023","status":"publish","type":"post","link":"https:\/\/www.fondazionecrpesaro.it\/fondazione\/al-via-la-quinta-edizione-di-articolo-26educazione-futuro-ambientemarzo-ottobre-2023\/","title":{"rendered":"Al via la quinta edizione di Articolo 26<br>EDUCAZIONE \/ FUTURO \/ AMBIENTE<br>Marzo &#8211; Ottobre 2023"},"content":{"rendered":"\n<p>&#8220;L\u2019istruzione deve essere indirizzata al pieno sviluppo della personalit\u00e0 umana ed al rafforzamento del rispetto dei diritti umani e delle libert\u00e0 fondamentali.&#8221; Articolo 26 &#8211; Dichiarazione universale dei Diritti dell\u2019uomo<\/p>\n\n\n\n<p>Al via la quinta edizione di Articolo 26, iniziativa condotta all\u2019interno e al di fuori delle aule scolastiche, fondata sull\u2019omonimo articolo della Dichiarazione universale dei Diritti dell\u2019Uomo. A portarla avanti il lavoro sinergico di sette enti tra cui due fondazioni del territorio pesarese: Fondazione Cassa di Risparmio di Pesaro, Fondazione Wanda Di Ferdinando, Vicolocorto, L\u2019Africa Chiama, Primo Comunicazione, La Lupus in Fabula, Teatrino Rosso. Con il patrocinio dell\u2019Assessorato alla Solidariet\u00e0 e dell\u2019Assessorato alla Crescita del Comune di Pesaro.<\/p>\n\n\n\n<p><strong>Attualmente i conflitti, i cambiamenti climatici e le conseguenze del COVID-19 stanno compromettendo l&#8217;istruzione di 222 milioni di bambini in et\u00e0 scolare in tutto il mondo<\/strong> (dati Save The Children).\u00a0 Articolo 26 vuole essere una lente sul diritto in termini di consapevolezza e anche uno spazio di opportunit\u00e0 ed esperienze praticabili per le giovani generazioni.<\/p>\n\n\n\n<p><strong>Quali azioni prevede ARTICOLO 26?<\/strong><br><strong>Per le bambine e i bambini <\/strong>della provincia pesarese sono previsti <strong>incontri-gioco itineranti sull\u2019Agenda ONU 2030<\/strong>. L\u2019obiettivo \u00e8 rendere i pi\u00f9 piccoli partecipi di questa grande sfida che riguarda tutto il mondo e fornire loro dei semplici suggerimenti su come possano dare il loro contributo per ogni Obiettivo. Sar\u00e0 utilizzato il gioco degli Obiettivi di Sviluppo Sostenibile \u201cGo Goals!\u201d ideato e realizzato dal Centro Regionale di Informazione delle Nazioni Unite (UNRIC) in collaborazione con l\u2019artista Yacine Ait Kaci (YAK). Sar\u00e0 organizzato, a seguire, il <strong>Festivalino dell\u2019Ambiente<\/strong>: una due giorni dedicata alla cura del nostro pianeta. Passeggiate, laboratori e spettacoli teatrali per alimentare uno sguardo attento al futuro e ai diritti delle prossime generazioni e di quanti, gi\u00e0 ora, pagano le conseguenze della crisi climatica.<br><br><strong>Per le studentesse e gli studenti<\/strong> delle scuole superiori si terr\u00e0 un ciclo appuntamenti in orario curricolare dedicati al diritto all\u2019istruzione e alla tutela dell\u2019ambiente. Ogni classe affronter\u00e0 le tappe di un percorso che si snoda su tre punti cruciali: Istruzione come strada per autodeterminarsi (pluralit\u00e0 di metodi di apprendimento ed educazione informale &#8211; a cura dell\u2019Associazione Vicolocorto); Istruzione come diritto (esperienze di scuole in Zambia e Kenya a cui accedono giovanissimi e giovani provenienti anche dalle baraccopoli &#8211; a cura de L\u2019Africa Chiama Onlus); L\u2019ambiente \u00e8 strettamente connesso al mio futuro (conoscenza, consapevolezza di pratiche responsabili per la tutela dell\u2019ambiente &#8211; a cura de La Lupus in Fabula).<br><br><strong>Le novit\u00e0 dell\u2019edizione 2023:<\/strong><\/p>\n\n\n\n<ul class=\"wp-block-list\">\n<li>I laboratori delle scuole superiori confluiranno in una <strong>giornata finale<\/strong> che vedr\u00e0 l\u2019organizzazione, in primis, di una camminata nel territorio, a ribadire che la prima forma di cura, di un diritto o di un luogo, parte dalla conoscenza anche morfologica dell\u2019elemento.<\/li>\n\n\n\n<li>Sar\u00e0 lanciato un<strong> contest di idee<\/strong> riservato agli under 25: come interpretare, aumentare e diffondere l\u2019importanza dell\u2019Articolo 26 della Dichiarazione Universale dei Diritti dell\u2019Uomo? In palio due premi da 500 euro ciascuno.<\/li>\n\n\n\n<li>Nasce la <strong>pagina Instagram<\/strong> di Articolo26, una scelta che intende investire sulla comunicazione non solo all\u2019interno di un orizzonte informativo ma come strumento e leva di cambiamento.<br><br>\u201cLa Fondazione Cassa di Risparmio di Pesaro&#8221; afferma la vicepresidente <strong>Giovanna Giacchella<\/strong> \u201cha trovato in Fondazione Wanda Di Ferdinando un partner ideale per poter esplicitare al meglio le proprie finalit\u00e0 nel settore dell\u2019Istruzione in particolare nell\u2019educazione giovanile, ambientale e civica: ha deciso pertanto di affiancarla nel progetto di Articolo 26, potenziandolo e ponendo particolare attenzione anche alle zone periferiche del territorio. Si realizza cos\u00ec, nell\u2019insieme di Fondazioni, associazioni e professionisti, una <strong>comunit\u00e0 educante<\/strong> in continua crescita le cui tematiche prescelte scopriamo essere presenti anche nel percorso di Pesaro Capitale Italiana della Cultura 2024: ambiente, partecipazione civica, saper fare quotidiano, pratiche educative<br>innovative.\u201d<br><br>\u201cArticolo 26 \u2013 conclude la Presidente<strong> Federica Maria Panicali <\/strong>&#8211; rappresenta un modo concreto per lavorare <strong>insieme<\/strong> sul fronte della <strong>fiducia<\/strong> nei confronti del futuro, guardando al territorio senza dimenticare la complessit\u00e0 di un mondo pi\u00f9 ampio. \u00c8 proprio dal lavoro congiunto che nasce la sfida pi\u00f9 importante e rispetto alla quale vorremmo avanzare compatti: il bene comune per le giovani e i giovani cittadini di domani.\u201d<\/li>\n<\/ul>\n\n\n\n<p>Fondazione Cassa di Risparmio di Pesaro                                                                                                             Fondazione Wanda Di Ferdinando<\/p>\n\n\n\n<p>Per informazioni: info@fondazionediferdinando.org &#8211; 0721 371516 &#8211; Instagram Articolo 26<\/p>\n\n\n\n<p><strong>UNO SGUARDO AL PARTENARIATO<\/strong><br>Enti finanziatori:<br><strong>Fondazione Cassa di Risparmio Pesaro<\/strong>: Ente che persegue attivit\u00e0 di promozione e utilit\u00e0 sociale a sostegno della collettivit\u00e0 nel territorio della provincia di Pesaro Urbino;<br><strong>Fondazione Wanda Di Ferdinando<\/strong>: Ente impegnato a sostenere progetti filantropici nella regione Marche e all\u2019estero;<br>Enti\/ professionisti attuatori:<br><strong>Vicolocorto<\/strong>: Associazione giovanile culturale specializzata in educazione e mobilit\u00e0 internazionale;<br><strong>L\u2019Africa Chiama<\/strong>: Onlus impegnata in attivit\u00e0 di informazione, sensibilizzazione e cooperazione a favore del continente africano;<br><strong>Chiara Bisello e Emanuela Rossi<\/strong>, psicologhe che lavorano per la promozione di iniziative di formazione, informazione ed intervento sui nuovi sintomi del disagio contemporaneo;<br><strong>Teatrino Rosso<\/strong>: Associazione che si occupa di minori e di teatro per l\u2019infanzia;<br><strong>Primo Comunicazione<\/strong>: Portale di comunicazione web, radio e tv;<br><strong>La Lupus in Fabula<\/strong>: Associazione di volontariato con lo scopo di informare e sensibilizzare sulle tematiche ambientali.<\/p>\n","protected":false},"excerpt":{"rendered":"<p>&#8220;L\u2019istruzione deve essere indirizzata al pieno sviluppo della personalit\u00e0 umana ed al rafforzamento del rispetto dei diritti umani e delle libert\u00e0 fondamentali.&#8221; Articolo 26 &#8211; Dichiarazione universale dei Diritti dell\u2019uomo [&hellip;]<\/p>\n","protected":false},"author":1,"featured_media":3927,"comment_status":"closed","ping_status":"closed","sticky":false,"template":"","format":"standard","meta":{"ocean_post_layout":"","ocean_both_sidebars_style":"","ocean_both_sidebars_content_width":0,"ocean_both_sidebars_sidebars_width":0,"ocean_sidebar":"0","ocean_second_sidebar":"0","ocean_disable_margins":"enable","ocean_add_body_class":"","ocean_shortcode_before_top_bar":"","ocean_shortcode_after_top_bar":"","ocean_shortcode_before_header":"","ocean_shortcode_after_header":"","ocean_has_shortcode":"","ocean_shortcode_after_title":"","ocean_shortcode_before_footer_widgets":"","ocean_shortcode_after_footer_widgets":"","ocean_shortcode_before_footer_bottom":"","ocean_shortcode_after_footer_bottom":"","ocean_display_top_bar":"default","ocean_display_header":"default","ocean_header_style":"","ocean_center_header_left_menu":"0","ocean_custom_header_template":"0","ocean_custom_logo":0,"ocean_custom_retina_logo":0,"ocean_custom_logo_max_width":0,"ocean_custom_logo_tablet_max_width":0,"ocean_custom_logo_mobile_max_width":0,"ocean_custom_logo_max_height":0,"ocean_custom_logo_tablet_max_height":0,"ocean_custom_logo_mobile_max_height":0,"ocean_header_custom_menu":"0","ocean_menu_typo_font_family":"0","ocean_menu_typo_font_subset":"","ocean_menu_typo_font_size":0,"ocean_menu_typo_font_size_tablet":0,"ocean_menu_typo_font_size_mobile":0,"ocean_menu_typo_font_size_unit":"px","ocean_menu_typo_font_weight":"","ocean_menu_typo_font_weight_tablet":"","ocean_menu_typo_font_weight_mobile":"","ocean_menu_typo_transform":"","ocean_menu_typo_transform_tablet":"","ocean_menu_typo_transform_mobile":"","ocean_menu_typo_line_height":0,"ocean_menu_typo_line_height_tablet":0,"ocean_menu_typo_line_height_mobile":0,"ocean_menu_typo_line_height_unit":"","ocean_menu_typo_spacing":0,"ocean_menu_typo_spacing_tablet":0,"ocean_menu_typo_spacing_mobile":0,"ocean_menu_typo_spacing_unit":"","ocean_menu_link_color":"","ocean_menu_link_color_hover":"","ocean_menu_link_color_active":"","ocean_menu_link_background":"","ocean_menu_link_hover_background":"","ocean_menu_link_active_background":"","ocean_menu_social_links_bg":"","ocean_menu_social_hover_links_bg":"","ocean_menu_social_links_color":"","ocean_menu_social_hover_links_color":"","ocean_disable_title":"default","ocean_disable_heading":"default","ocean_post_title":"","ocean_post_subheading":"","ocean_post_title_style":"","ocean_post_title_background_color":"","ocean_post_title_background":0,"ocean_post_title_bg_image_position":"","ocean_post_title_bg_image_attachment":"","ocean_post_title_bg_image_repeat":"","ocean_post_title_bg_image_size":"","ocean_post_title_height":0,"ocean_post_title_bg_overlay":0.5,"ocean_post_title_bg_overlay_color":"","ocean_disable_breadcrumbs":"default","ocean_breadcrumbs_color":"","ocean_breadcrumbs_separator_color":"","ocean_breadcrumbs_links_color":"","ocean_breadcrumbs_links_hover_color":"","ocean_display_footer_widgets":"default","ocean_display_footer_bottom":"default","ocean_custom_footer_template":"0","ocean_post_oembed":"","ocean_post_self_hosted_media":"","ocean_post_video_embed":"","ocean_link_format":"","ocean_link_format_target":"self","ocean_quote_format":"","ocean_quote_format_link":"post","ocean_gallery_link_images":"off","ocean_gallery_id":[],"footnotes":""},"categories":[3],"tags":[],"class_list":["post-3926","post","type-post","status-publish","format-standard","has-post-thumbnail","hentry","category-news","entry","has-media"],"yoast_head":"<!-- This site is optimized with the Yoast SEO plugin v27.5 - https:\/\/yoast.com\/product\/yoast-seo-wordpress\/ -->\n<title>Al via la quinta edizione di Articolo 26EDUCAZIONE \/ FUTURO \/ AMBIENTEMarzo - Ottobre 2023 &#187; Fondazione Cassa di Risparmio di Pesaro<\/title>\n<meta name=\"robots\" content=\"index, follow, max-snippet:-1, max-image-preview:large, max-video-preview:-1\" \/>\n<link rel=\"canonical\" href=\"https:\/\/www.fondazionecrpesaro.it\/fondazione\/al-via-la-quinta-edizione-di-articolo-26educazione-futuro-ambientemarzo-ottobre-2023\/\" \/>\n<meta property=\"og:locale\" content=\"it_IT\" \/>\n<meta property=\"og:type\" content=\"article\" \/>\n<meta property=\"og:title\" content=\"Al via la quinta edizione di Articolo 26EDUCAZIONE \/ FUTURO \/ AMBIENTEMarzo - Ottobre 2023 &#187; Fondazione Cassa di Risparmio di Pesaro\" \/>\n<meta property=\"og:description\" content=\"&#8220;L\u2019istruzione deve essere indirizzata al pieno sviluppo della personalit\u00e0 umana ed al rafforzamento del rispetto dei diritti umani e delle libert\u00e0 fondamentali.&#8221; Articolo 26 &#8211; Dichiarazione universale dei Diritti dell\u2019uomo [&hellip;]\" \/>\n<meta property=\"og:url\" content=\"https:\/\/www.fondazionecrpesaro.it\/fondazione\/al-via-la-quinta-edizione-di-articolo-26educazione-futuro-ambientemarzo-ottobre-2023\/\" \/>\n<meta property=\"og:site_name\" content=\"Fondazione Cassa di Risparmio di Pesaro\" \/>\n<meta property=\"article:published_time\" content=\"2023-03-14T09:13:15+00:00\" \/>\n<meta property=\"article:modified_time\" content=\"2023-03-14T11:58:50+00:00\" \/>\n<meta property=\"og:image\" content=\"https:\/\/www.fondazionecrpesaro.it\/fondazione\/wp-content\/uploads\/2023\/03\/sito-FCRP-Articolo-26.png\" \/>\n\t<meta property=\"og:image:width\" content=\"1845\" \/>\n\t<meta property=\"og:image:height\" content=\"590\" \/>\n\t<meta property=\"og:image:type\" content=\"image\/png\" \/>\n<meta name=\"author\" content=\"admin\" \/>\n<meta name=\"twitter:card\" content=\"summary_large_image\" \/>\n<meta name=\"twitter:label1\" content=\"Scritto da\" \/>\n\t<meta name=\"twitter:data1\" content=\"admin\" \/>\n\t<meta name=\"twitter:label2\" content=\"Tempo di lettura stimato\" \/>\n\t<meta name=\"twitter:data2\" content=\"5 minuti\" \/>\n<script type=\"application\/ld+json\" class=\"yoast-schema-graph\">{\"@context\":\"https:\\\/\\\/schema.org\",\"@graph\":[{\"@type\":\"Article\",\"@id\":\"https:\\\/\\\/www.fondazionecrpesaro.it\\\/fondazione\\\/al-via-la-quinta-edizione-di-articolo-26educazione-futuro-ambientemarzo-ottobre-2023\\\/#article\",\"isPartOf\":{\"@id\":\"https:\\\/\\\/www.fondazionecrpesaro.it\\\/fondazione\\\/al-via-la-quinta-edizione-di-articolo-26educazione-futuro-ambientemarzo-ottobre-2023\\\/\"},\"author\":{\"name\":\"admin\",\"@id\":\"https:\\\/\\\/www.fondazionecrpesaro.it\\\/fondazione\\\/#\\\/schema\\\/person\\\/bb0e75e0fa4ed92ae5318c59b50ac6f3\"},\"headline\":\"Al via la quinta edizione di Articolo 26 EDUCAZIONE \\\/ FUTURO \\\/ AMBIENTE Marzo &#8211; Ottobre 2023\",\"datePublished\":\"2023-03-14T09:13:15+00:00\",\"dateModified\":\"2023-03-14T11:58:50+00:00\",\"mainEntityOfPage\":{\"@id\":\"https:\\\/\\\/www.fondazionecrpesaro.it\\\/fondazione\\\/al-via-la-quinta-edizione-di-articolo-26educazione-futuro-ambientemarzo-ottobre-2023\\\/\"},\"wordCount\":857,\"publisher\":{\"@id\":\"https:\\\/\\\/www.fondazionecrpesaro.it\\\/fondazione\\\/#organization\"},\"image\":{\"@id\":\"https:\\\/\\\/www.fondazionecrpesaro.it\\\/fondazione\\\/al-via-la-quinta-edizione-di-articolo-26educazione-futuro-ambientemarzo-ottobre-2023\\\/#primaryimage\"},\"thumbnailUrl\":\"https:\\\/\\\/www.fondazionecrpesaro.it\\\/fondazione\\\/wp-content\\\/uploads\\\/2023\\\/03\\\/sito-FCRP-Articolo-26.png\",\"articleSection\":[\"Comunicati Stampa\"],\"inLanguage\":\"it-IT\"},{\"@type\":\"WebPage\",\"@id\":\"https:\\\/\\\/www.fondazionecrpesaro.it\\\/fondazione\\\/al-via-la-quinta-edizione-di-articolo-26educazione-futuro-ambientemarzo-ottobre-2023\\\/\",\"url\":\"https:\\\/\\\/www.fondazionecrpesaro.it\\\/fondazione\\\/al-via-la-quinta-edizione-di-articolo-26educazione-futuro-ambientemarzo-ottobre-2023\\\/\",\"name\":\"Al via la quinta edizione di Articolo 26 EDUCAZIONE \\\/ FUTURO \\\/ AMBIENTE Marzo - Ottobre 2023 &#187; Fondazione Cassa di Risparmio di Pesaro\",\"isPartOf\":{\"@id\":\"https:\\\/\\\/www.fondazionecrpesaro.it\\\/fondazione\\\/#website\"},\"primaryImageOfPage\":{\"@id\":\"https:\\\/\\\/www.fondazionecrpesaro.it\\\/fondazione\\\/al-via-la-quinta-edizione-di-articolo-26educazione-futuro-ambientemarzo-ottobre-2023\\\/#primaryimage\"},\"image\":{\"@id\":\"https:\\\/\\\/www.fondazionecrpesaro.it\\\/fondazione\\\/al-via-la-quinta-edizione-di-articolo-26educazione-futuro-ambientemarzo-ottobre-2023\\\/#primaryimage\"},\"thumbnailUrl\":\"https:\\\/\\\/www.fondazionecrpesaro.it\\\/fondazione\\\/wp-content\\\/uploads\\\/2023\\\/03\\\/sito-FCRP-Articolo-26.png\",\"datePublished\":\"2023-03-14T09:13:15+00:00\",\"dateModified\":\"2023-03-14T11:58:50+00:00\",\"breadcrumb\":{\"@id\":\"https:\\\/\\\/www.fondazionecrpesaro.it\\\/fondazione\\\/al-via-la-quinta-edizione-di-articolo-26educazione-futuro-ambientemarzo-ottobre-2023\\\/#breadcrumb\"},\"inLanguage\":\"it-IT\",\"potentialAction\":[{\"@type\":\"ReadAction\",\"target\":[\"https:\\\/\\\/www.fondazionecrpesaro.it\\\/fondazione\\\/al-via-la-quinta-edizione-di-articolo-26educazione-futuro-ambientemarzo-ottobre-2023\\\/\"]}]},{\"@type\":\"ImageObject\",\"inLanguage\":\"it-IT\",\"@id\":\"https:\\\/\\\/www.fondazionecrpesaro.it\\\/fondazione\\\/al-via-la-quinta-edizione-di-articolo-26educazione-futuro-ambientemarzo-ottobre-2023\\\/#primaryimage\",\"url\":\"https:\\\/\\\/www.fondazionecrpesaro.it\\\/fondazione\\\/wp-content\\\/uploads\\\/2023\\\/03\\\/sito-FCRP-Articolo-26.png\",\"contentUrl\":\"https:\\\/\\\/www.fondazionecrpesaro.it\\\/fondazione\\\/wp-content\\\/uploads\\\/2023\\\/03\\\/sito-FCRP-Articolo-26.png\",\"width\":1845,\"height\":590},{\"@type\":\"BreadcrumbList\",\"@id\":\"https:\\\/\\\/www.fondazionecrpesaro.it\\\/fondazione\\\/al-via-la-quinta-edizione-di-articolo-26educazione-futuro-ambientemarzo-ottobre-2023\\\/#breadcrumb\",\"itemListElement\":[{\"@type\":\"ListItem\",\"position\":1,\"name\":\"Home\",\"item\":\"https:\\\/\\\/www.fondazionecrpesaro.it\\\/fondazione\\\/\"},{\"@type\":\"ListItem\",\"position\":2,\"name\":\"Al via la quinta edizione di Articolo 26EDUCAZIONE \\\/ FUTURO \\\/ AMBIENTEMarzo &#8211; Ottobre 2023\"}]},{\"@type\":\"WebSite\",\"@id\":\"https:\\\/\\\/www.fondazionecrpesaro.it\\\/fondazione\\\/#website\",\"url\":\"https:\\\/\\\/www.fondazionecrpesaro.it\\\/fondazione\\\/\",\"name\":\"Fondazione Cassa di Risparmio di Pesaro\",\"description\":\"\",\"publisher\":{\"@id\":\"https:\\\/\\\/www.fondazionecrpesaro.it\\\/fondazione\\\/#organization\"},\"potentialAction\":[{\"@type\":\"SearchAction\",\"target\":{\"@type\":\"EntryPoint\",\"urlTemplate\":\"https:\\\/\\\/www.fondazionecrpesaro.it\\\/fondazione\\\/?s={search_term_string}\"},\"query-input\":{\"@type\":\"PropertyValueSpecification\",\"valueRequired\":true,\"valueName\":\"search_term_string\"}}],\"inLanguage\":\"it-IT\"},{\"@type\":\"Organization\",\"@id\":\"https:\\\/\\\/www.fondazionecrpesaro.it\\\/fondazione\\\/#organization\",\"name\":\"Fondazione Cassa di Risparmio di Pesaro\",\"url\":\"https:\\\/\\\/www.fondazionecrpesaro.it\\\/fondazione\\\/\",\"logo\":{\"@type\":\"ImageObject\",\"inLanguage\":\"it-IT\",\"@id\":\"https:\\\/\\\/www.fondazionecrpesaro.it\\\/fondazione\\\/#\\\/schema\\\/logo\\\/image\\\/\",\"url\":\"https:\\\/\\\/www.fondazionecrpesaro.it\\\/fondazione\\\/wp-content\\\/uploads\\\/2021\\\/09\\\/logo-FCRP.png\",\"contentUrl\":\"https:\\\/\\\/www.fondazionecrpesaro.it\\\/fondazione\\\/wp-content\\\/uploads\\\/2021\\\/09\\\/logo-FCRP.png\",\"width\":852,\"height\":173,\"caption\":\"Fondazione Cassa di Risparmio di Pesaro\"},\"image\":{\"@id\":\"https:\\\/\\\/www.fondazionecrpesaro.it\\\/fondazione\\\/#\\\/schema\\\/logo\\\/image\\\/\"}},{\"@type\":\"Person\",\"@id\":\"https:\\\/\\\/www.fondazionecrpesaro.it\\\/fondazione\\\/#\\\/schema\\\/person\\\/bb0e75e0fa4ed92ae5318c59b50ac6f3\",\"name\":\"admin\",\"image\":{\"@type\":\"ImageObject\",\"inLanguage\":\"it-IT\",\"@id\":\"https:\\\/\\\/secure.gravatar.com\\\/avatar\\\/0aa07693944b8b7240e25a6b3b713da444dc87bfc6deb6a8ef9fe602b4f83d12?s=96&d=mm&r=g\",\"url\":\"https:\\\/\\\/secure.gravatar.com\\\/avatar\\\/0aa07693944b8b7240e25a6b3b713da444dc87bfc6deb6a8ef9fe602b4f83d12?s=96&d=mm&r=g\",\"contentUrl\":\"https:\\\/\\\/secure.gravatar.com\\\/avatar\\\/0aa07693944b8b7240e25a6b3b713da444dc87bfc6deb6a8ef9fe602b4f83d12?s=96&d=mm&r=g\",\"caption\":\"admin\"},\"url\":\"https:\\\/\\\/www.fondazionecrpesaro.it\\\/fondazione\\\/author\\\/admin\\\/\"}]}<\/script>\n<!-- \/ Yoast SEO plugin. -->","yoast_head_json":{"title":"Al via la quinta edizione di Articolo 26EDUCAZIONE \/ FUTURO \/ AMBIENTEMarzo - Ottobre 2023 &#187; Fondazione Cassa di Risparmio di Pesaro","robots":{"index":"index","follow":"follow","max-snippet":"max-snippet:-1","max-image-preview":"max-image-preview:large","max-video-preview":"max-video-preview:-1"},"canonical":"https:\/\/www.fondazionecrpesaro.it\/fondazione\/al-via-la-quinta-edizione-di-articolo-26educazione-futuro-ambientemarzo-ottobre-2023\/","og_locale":"it_IT","og_type":"article","og_title":"Al via la quinta edizione di Articolo 26EDUCAZIONE \/ FUTURO \/ AMBIENTEMarzo - Ottobre 2023 &#187; Fondazione Cassa di Risparmio di Pesaro","og_description":"&#8220;L\u2019istruzione deve essere indirizzata al pieno sviluppo della personalit\u00e0 umana ed al rafforzamento del rispetto dei diritti umani e delle libert\u00e0 fondamentali.&#8221; Articolo 26 &#8211; Dichiarazione universale dei Diritti dell\u2019uomo [&hellip;]","og_url":"https:\/\/www.fondazionecrpesaro.it\/fondazione\/al-via-la-quinta-edizione-di-articolo-26educazione-futuro-ambientemarzo-ottobre-2023\/","og_site_name":"Fondazione Cassa di Risparmio di Pesaro","article_published_time":"2023-03-14T09:13:15+00:00","article_modified_time":"2023-03-14T11:58:50+00:00","og_image":[{"width":1845,"height":590,"url":"https:\/\/www.fondazionecrpesaro.it\/fondazione\/wp-content\/uploads\/2023\/03\/sito-FCRP-Articolo-26.png","type":"image\/png"}],"author":"admin","twitter_card":"summary_large_image","twitter_misc":{"Scritto da":"admin","Tempo di lettura stimato":"5 minuti"},"schema":{"@context":"https:\/\/schema.org","@graph":[{"@type":"Article","@id":"https:\/\/www.fondazionecrpesaro.it\/fondazione\/al-via-la-quinta-edizione-di-articolo-26educazione-futuro-ambientemarzo-ottobre-2023\/#article","isPartOf":{"@id":"https:\/\/www.fondazionecrpesaro.it\/fondazione\/al-via-la-quinta-edizione-di-articolo-26educazione-futuro-ambientemarzo-ottobre-2023\/"},"author":{"name":"admin","@id":"https:\/\/www.fondazionecrpesaro.it\/fondazione\/#\/schema\/person\/bb0e75e0fa4ed92ae5318c59b50ac6f3"},"headline":"Al via la quinta edizione di Articolo 26 EDUCAZIONE \/ FUTURO \/ AMBIENTE Marzo &#8211; Ottobre 2023","datePublished":"2023-03-14T09:13:15+00:00","dateModified":"2023-03-14T11:58:50+00:00","mainEntityOfPage":{"@id":"https:\/\/www.fondazionecrpesaro.it\/fondazione\/al-via-la-quinta-edizione-di-articolo-26educazione-futuro-ambientemarzo-ottobre-2023\/"},"wordCount":857,"publisher":{"@id":"https:\/\/www.fondazionecrpesaro.it\/fondazione\/#organization"},"image":{"@id":"https:\/\/www.fondazionecrpesaro.it\/fondazione\/al-via-la-quinta-edizione-di-articolo-26educazione-futuro-ambientemarzo-ottobre-2023\/#primaryimage"},"thumbnailUrl":"https:\/\/www.fondazionecrpesaro.it\/fondazione\/wp-content\/uploads\/2023\/03\/sito-FCRP-Articolo-26.png","articleSection":["Comunicati Stampa"],"inLanguage":"it-IT"},{"@type":"WebPage","@id":"https:\/\/www.fondazionecrpesaro.it\/fondazione\/al-via-la-quinta-edizione-di-articolo-26educazione-futuro-ambientemarzo-ottobre-2023\/","url":"https:\/\/www.fondazionecrpesaro.it\/fondazione\/al-via-la-quinta-edizione-di-articolo-26educazione-futuro-ambientemarzo-ottobre-2023\/","name":"Al via la quinta edizione di Articolo 26 EDUCAZIONE \/ FUTURO \/ AMBIENTE Marzo - Ottobre 2023 &#187; Fondazione Cassa di Risparmio di Pesaro","isPartOf":{"@id":"https:\/\/www.fondazionecrpesaro.it\/fondazione\/#website"},"primaryImageOfPage":{"@id":"https:\/\/www.fondazionecrpesaro.it\/fondazione\/al-via-la-quinta-edizione-di-articolo-26educazione-futuro-ambientemarzo-ottobre-2023\/#primaryimage"},"image":{"@id":"https:\/\/www.fondazionecrpesaro.it\/fondazione\/al-via-la-quinta-edizione-di-articolo-26educazione-futuro-ambientemarzo-ottobre-2023\/#primaryimage"},"thumbnailUrl":"https:\/\/www.fondazionecrpesaro.it\/fondazione\/wp-content\/uploads\/2023\/03\/sito-FCRP-Articolo-26.png","datePublished":"2023-03-14T09:13:15+00:00","dateModified":"2023-03-14T11:58:50+00:00","breadcrumb":{"@id":"https:\/\/www.fondazionecrpesaro.it\/fondazione\/al-via-la-quinta-edizione-di-articolo-26educazione-futuro-ambientemarzo-ottobre-2023\/#breadcrumb"},"inLanguage":"it-IT","potentialAction":[{"@type":"ReadAction","target":["https:\/\/www.fondazionecrpesaro.it\/fondazione\/al-via-la-quinta-edizione-di-articolo-26educazione-futuro-ambientemarzo-ottobre-2023\/"]}]},{"@type":"ImageObject","inLanguage":"it-IT","@id":"https:\/\/www.fondazionecrpesaro.it\/fondazione\/al-via-la-quinta-edizione-di-articolo-26educazione-futuro-ambientemarzo-ottobre-2023\/#primaryimage","url":"https:\/\/www.fondazionecrpesaro.it\/fondazione\/wp-content\/uploads\/2023\/03\/sito-FCRP-Articolo-26.png","contentUrl":"https:\/\/www.fondazionecrpesaro.it\/fondazione\/wp-content\/uploads\/2023\/03\/sito-FCRP-Articolo-26.png","width":1845,"height":590},{"@type":"BreadcrumbList","@id":"https:\/\/www.fondazionecrpesaro.it\/fondazione\/al-via-la-quinta-edizione-di-articolo-26educazione-futuro-ambientemarzo-ottobre-2023\/#breadcrumb","itemListElement":[{"@type":"ListItem","position":1,"name":"Home","item":"https:\/\/www.fondazionecrpesaro.it\/fondazione\/"},{"@type":"ListItem","position":2,"name":"Al via la quinta edizione di Articolo 26EDUCAZIONE \/ FUTURO \/ AMBIENTEMarzo &#8211; Ottobre 2023"}]},{"@type":"WebSite","@id":"https:\/\/www.fondazionecrpesaro.it\/fondazione\/#website","url":"https:\/\/www.fondazionecrpesaro.it\/fondazione\/","name":"Fondazione Cassa di Risparmio di Pesaro","description":"","publisher":{"@id":"https:\/\/www.fondazionecrpesaro.it\/fondazione\/#organization"},"potentialAction":[{"@type":"SearchAction","target":{"@type":"EntryPoint","urlTemplate":"https:\/\/www.fondazionecrpesaro.it\/fondazione\/?s={search_term_string}"},"query-input":{"@type":"PropertyValueSpecification","valueRequired":true,"valueName":"search_term_string"}}],"inLanguage":"it-IT"},{"@type":"Organization","@id":"https:\/\/www.fondazionecrpesaro.it\/fondazione\/#organization","name":"Fondazione Cassa di Risparmio di Pesaro","url":"https:\/\/www.fondazionecrpesaro.it\/fondazione\/","logo":{"@type":"ImageObject","inLanguage":"it-IT","@id":"https:\/\/www.fondazionecrpesaro.it\/fondazione\/#\/schema\/logo\/image\/","url":"https:\/\/www.fondazionecrpesaro.it\/fondazione\/wp-content\/uploads\/2021\/09\/logo-FCRP.png","contentUrl":"https:\/\/www.fondazionecrpesaro.it\/fondazione\/wp-content\/uploads\/2021\/09\/logo-FCRP.png","width":852,"height":173,"caption":"Fondazione Cassa di Risparmio di Pesaro"},"image":{"@id":"https:\/\/www.fondazionecrpesaro.it\/fondazione\/#\/schema\/logo\/image\/"}},{"@type":"Person","@id":"https:\/\/www.fondazionecrpesaro.it\/fondazione\/#\/schema\/person\/bb0e75e0fa4ed92ae5318c59b50ac6f3","name":"admin","image":{"@type":"ImageObject","inLanguage":"it-IT","@id":"https:\/\/secure.gravatar.com\/avatar\/0aa07693944b8b7240e25a6b3b713da444dc87bfc6deb6a8ef9fe602b4f83d12?s=96&d=mm&r=g","url":"https:\/\/secure.gravatar.com\/avatar\/0aa07693944b8b7240e25a6b3b713da444dc87bfc6deb6a8ef9fe602b4f83d12?s=96&d=mm&r=g","contentUrl":"https:\/\/secure.gravatar.com\/avatar\/0aa07693944b8b7240e25a6b3b713da444dc87bfc6deb6a8ef9fe602b4f83d12?s=96&d=mm&r=g","caption":"admin"},"url":"https:\/\/www.fondazionecrpesaro.it\/fondazione\/author\/admin\/"}]}},"_links":{"self":[{"href":"https:\/\/www.fondazionecrpesaro.it\/fondazione\/wp-json\/wp\/v2\/posts\/3926","targetHints":{"allow":["GET"]}}],"collection":[{"href":"https:\/\/www.fondazionecrpesaro.it\/fondazione\/wp-json\/wp\/v2\/posts"}],"about":[{"href":"https:\/\/www.fondazionecrpesaro.it\/fondazione\/wp-json\/wp\/v2\/types\/post"}],"author":[{"embeddable":true,"href":"https:\/\/www.fondazionecrpesaro.it\/fondazione\/wp-json\/wp\/v2\/users\/1"}],"replies":[{"embeddable":true,"href":"https:\/\/www.fondazionecrpesaro.it\/fondazione\/wp-json\/wp\/v2\/comments?post=3926"}],"version-history":[{"count":0,"href":"https:\/\/www.fondazionecrpesaro.it\/fondazione\/wp-json\/wp\/v2\/posts\/3926\/revisions"}],"wp:featuredmedia":[{"embeddable":true,"href":"https:\/\/www.fondazionecrpesaro.it\/fondazione\/wp-json\/wp\/v2\/media\/3927"}],"wp:attachment":[{"href":"https:\/\/www.fondazionecrpesaro.it\/fondazione\/wp-json\/wp\/v2\/media?parent=3926"}],"wp:term":[{"taxonomy":"category","embeddable":true,"href":"https:\/\/www.fondazionecrpesaro.it\/fondazione\/wp-json\/wp\/v2\/categories?post=3926"},{"taxonomy":"post_tag","embeddable":true,"href":"https:\/\/www.fondazionecrpesaro.it\/fondazione\/wp-json\/wp\/v2\/tags?post=3926"}],"curies":[{"name":"wp","href":"https:\/\/api.w.org\/{rel}","templated":true}]}}