{"id":3063,"date":"2021-12-21T12:43:40","date_gmt":"2021-12-21T11:43:40","guid":{"rendered":"https:\/\/www.fondazionecrpesaro.it\/fondazione\/?p=3063"},"modified":"2022-01-11T10:26:56","modified_gmt":"2022-01-11T09:26:56","slug":"presentazione-della-ii-edizione-del-progetto-della-fondazione-c-r-p-palcoscenico-marche","status":"publish","type":"post","link":"https:\/\/www.fondazionecrpesaro.it\/fondazione\/presentazione-della-ii-edizione-del-progetto-della-fondazione-c-r-p-palcoscenico-marche\/","title":{"rendered":"Presentazione della II edizione del progetto della Fondazione C R Pesaro &#8220;Palcoscenico Marche\u201d"},"content":{"rendered":"\n<p>Si \u00e8 tenuta in data odierna la conferenza stampa per presentare la II edizione del progetto <strong>&#8220;Palcoscenico Marche: Architetture, Ambiente ed Arti nella provincia di Pesaro e Urbino&#8221;<\/strong>, progetto promosso e realizzato dalla Fondazione Cassa di Risparmio di Pesaro in collaborazione con Regione Marche, AMAT, ed i Comuni di Borgo Pace, Cagli, Fermignano, Fossombrone, Frontino, Pergola, Sant&#8217;Angelo in Lizzola (Vallefoglia), Sant&#8217;Angelo in Vado, Serra Sant\u2019Abbondio, Urbania.<\/p>\n\n\n\n<p><strong>12 brevi video<\/strong> girati in luoghi di particolare pregio artistico, architettonico o ambientale, per scoprire (o riscoprire) la bellezza di tesori nascosti del nostro territorio, luoghi &#8211; creati dall\u2019uomo e dalla natura -, che diventano \u201cteatri\u201d in cui si esibiscono protagonisti della scena musicale, coreutica e teatrale nazionale e internazionale, collegati alla provincia.<\/p>\n\n\n\n<p>&#8220;<em>Il progetto <\/em>\u2013 ha affermato <strong>il Presidente Marco Martelli<\/strong> in conferenza stampa &#8211; <em>\u00e8 stato concepito per sostenere il settore dello spettacolo in un momento di forte difficolt\u00e0, offrendo agli artisti ed alle maestranze un&#8217;occasione per esprimersi e dare cos\u00ec dignit\u00e0 al loro lavoro e contribuendo a diffondere la conoscenza e la bellezza del nostro territorio. Un&#8217;azione che proseguir\u00e0 con il coinvolgimento degli Enti ed Associazioni interessati al perseguimento degli stessi obiettivi, nella consapevolezza che quanto realizzato rappresenta uno strumento di valorizzazione di qualit\u00e0, un prodotto capace di rinnovare continuamente l&#8217;incontro con il territorio e i suoi tesori\u201d.<\/em><\/p>\n\n\n\n<p>I video verranno pubblicati <strong>sul canale YouTube della Fondazione<\/strong> a partire <strong>dal 9 gennaio fino al 27 marzo 2022 tutte le domeniche alle ore 12.00<\/strong>: cliccando<strong> <a href=\"https:\/\/youtu.be\/llKboV4pwZA\">qui, il trailer<\/a> <\/strong>presentato oggi in conferenza. <\/p>\n\n\n\n<figure class=\"wp-block-image size-large\"><a href=\"https:\/\/youtu.be\/llKboV4pwZA\"><img fetchpriority=\"high\" decoding=\"async\" width=\"1024\" height=\"576\" src=\"https:\/\/www.fondazionecrpesaro.it\/fondazione\/wp-content\/uploads\/2021\/12\/PM-2021-trailer-miniatura-1024x576.png\" alt=\"\" class=\"wp-image-3065\" srcset=\"https:\/\/www.fondazionecrpesaro.it\/fondazione\/wp-content\/uploads\/2021\/12\/PM-2021-trailer-miniatura-1024x576.png 1024w, https:\/\/www.fondazionecrpesaro.it\/fondazione\/wp-content\/uploads\/2021\/12\/PM-2021-trailer-miniatura-300x169.png 300w, https:\/\/www.fondazionecrpesaro.it\/fondazione\/wp-content\/uploads\/2021\/12\/PM-2021-trailer-miniatura-768x432.png 768w, https:\/\/www.fondazionecrpesaro.it\/fondazione\/wp-content\/uploads\/2021\/12\/PM-2021-trailer-miniatura.png 1280w\" sizes=\"(max-width: 1024px) 100vw, 1024px\" \/><\/a><\/figure>\n\n\n\n<p><\/p>\n","protected":false},"excerpt":{"rendered":"<p>Si \u00e8 tenuta in data odierna la conferenza stampa per presentare la II edizione del progetto &#8220;Palcoscenico Marche: Architetture, Ambiente ed Arti nella provincia di Pesaro e Urbino&#8221;, progetto promosso [&hellip;]<\/p>\n","protected":false},"author":1,"featured_media":3064,"comment_status":"closed","ping_status":"closed","sticky":false,"template":"","format":"standard","meta":{"ocean_post_layout":"","ocean_both_sidebars_style":"","ocean_both_sidebars_content_width":0,"ocean_both_sidebars_sidebars_width":0,"ocean_sidebar":"0","ocean_second_sidebar":"0","ocean_disable_margins":"enable","ocean_add_body_class":"","ocean_shortcode_before_top_bar":"","ocean_shortcode_after_top_bar":"","ocean_shortcode_before_header":"","ocean_shortcode_after_header":"","ocean_has_shortcode":"","ocean_shortcode_after_title":"","ocean_shortcode_before_footer_widgets":"","ocean_shortcode_after_footer_widgets":"","ocean_shortcode_before_footer_bottom":"","ocean_shortcode_after_footer_bottom":"","ocean_display_top_bar":"default","ocean_display_header":"default","ocean_header_style":"","ocean_center_header_left_menu":"0","ocean_custom_header_template":"0","ocean_custom_logo":0,"ocean_custom_retina_logo":0,"ocean_custom_logo_max_width":0,"ocean_custom_logo_tablet_max_width":0,"ocean_custom_logo_mobile_max_width":0,"ocean_custom_logo_max_height":0,"ocean_custom_logo_tablet_max_height":0,"ocean_custom_logo_mobile_max_height":0,"ocean_header_custom_menu":"0","ocean_menu_typo_font_family":"0","ocean_menu_typo_font_subset":"","ocean_menu_typo_font_size":0,"ocean_menu_typo_font_size_tablet":0,"ocean_menu_typo_font_size_mobile":0,"ocean_menu_typo_font_size_unit":"px","ocean_menu_typo_font_weight":"","ocean_menu_typo_font_weight_tablet":"","ocean_menu_typo_font_weight_mobile":"","ocean_menu_typo_transform":"","ocean_menu_typo_transform_tablet":"","ocean_menu_typo_transform_mobile":"","ocean_menu_typo_line_height":0,"ocean_menu_typo_line_height_tablet":0,"ocean_menu_typo_line_height_mobile":0,"ocean_menu_typo_line_height_unit":"","ocean_menu_typo_spacing":0,"ocean_menu_typo_spacing_tablet":0,"ocean_menu_typo_spacing_mobile":0,"ocean_menu_typo_spacing_unit":"","ocean_menu_link_color":"","ocean_menu_link_color_hover":"","ocean_menu_link_color_active":"","ocean_menu_link_background":"","ocean_menu_link_hover_background":"","ocean_menu_link_active_background":"","ocean_menu_social_links_bg":"","ocean_menu_social_hover_links_bg":"","ocean_menu_social_links_color":"","ocean_menu_social_hover_links_color":"","ocean_disable_title":"default","ocean_disable_heading":"default","ocean_post_title":"","ocean_post_subheading":"","ocean_post_title_style":"","ocean_post_title_background_color":"","ocean_post_title_background":0,"ocean_post_title_bg_image_position":"","ocean_post_title_bg_image_attachment":"","ocean_post_title_bg_image_repeat":"","ocean_post_title_bg_image_size":"","ocean_post_title_height":0,"ocean_post_title_bg_overlay":0.5,"ocean_post_title_bg_overlay_color":"","ocean_disable_breadcrumbs":"default","ocean_breadcrumbs_color":"","ocean_breadcrumbs_separator_color":"","ocean_breadcrumbs_links_color":"","ocean_breadcrumbs_links_hover_color":"","ocean_display_footer_widgets":"default","ocean_display_footer_bottom":"default","ocean_custom_footer_template":"0","ocean_post_oembed":"","ocean_post_self_hosted_media":"","ocean_post_video_embed":"","ocean_link_format":"","ocean_link_format_target":"self","ocean_quote_format":"","ocean_quote_format_link":"post","ocean_gallery_link_images":"off","ocean_gallery_id":[],"footnotes":""},"categories":[3],"tags":[],"class_list":["post-3063","post","type-post","status-publish","format-standard","has-post-thumbnail","hentry","category-news","entry","has-media"],"yoast_head":"<!-- This site is optimized with the Yoast SEO plugin v27.5 - https:\/\/yoast.com\/product\/yoast-seo-wordpress\/ -->\n<title>Presentazione della II edizione del progetto della Fondazione C R Pesaro &quot;Palcoscenico Marche\u201d &#187; Fondazione Cassa di Risparmio di Pesaro<\/title>\n<meta name=\"robots\" content=\"index, follow, max-snippet:-1, max-image-preview:large, max-video-preview:-1\" \/>\n<link rel=\"canonical\" href=\"https:\/\/www.fondazionecrpesaro.it\/fondazione\/presentazione-della-ii-edizione-del-progetto-della-fondazione-c-r-p-palcoscenico-marche\/\" \/>\n<meta property=\"og:locale\" content=\"it_IT\" \/>\n<meta property=\"og:type\" content=\"article\" \/>\n<meta property=\"og:title\" content=\"Presentazione della II edizione del progetto della Fondazione C R Pesaro &quot;Palcoscenico Marche\u201d &#187; Fondazione Cassa di Risparmio di Pesaro\" \/>\n<meta property=\"og:description\" content=\"Si \u00e8 tenuta in data odierna la conferenza stampa per presentare la II edizione del progetto &#8220;Palcoscenico Marche: Architetture, Ambiente ed Arti nella provincia di Pesaro e Urbino&#8221;, progetto promosso [&hellip;]\" \/>\n<meta property=\"og:url\" content=\"https:\/\/www.fondazionecrpesaro.it\/fondazione\/presentazione-della-ii-edizione-del-progetto-della-fondazione-c-r-p-palcoscenico-marche\/\" \/>\n<meta property=\"og:site_name\" content=\"Fondazione Cassa di Risparmio di Pesaro\" \/>\n<meta property=\"article:published_time\" content=\"2021-12-21T11:43:40+00:00\" \/>\n<meta property=\"article:modified_time\" content=\"2022-01-11T09:26:56+00:00\" \/>\n<meta property=\"og:image\" content=\"https:\/\/www.fondazionecrpesaro.it\/fondazione\/wp-content\/uploads\/2021\/12\/PM-2021.png\" \/>\n\t<meta property=\"og:image:width\" content=\"1640\" \/>\n\t<meta property=\"og:image:height\" content=\"524\" \/>\n\t<meta property=\"og:image:type\" content=\"image\/png\" \/>\n<meta name=\"author\" content=\"admin\" \/>\n<meta name=\"twitter:card\" content=\"summary_large_image\" \/>\n<meta name=\"twitter:label1\" content=\"Scritto da\" \/>\n\t<meta name=\"twitter:data1\" content=\"admin\" \/>\n\t<meta name=\"twitter:label2\" content=\"Tempo di lettura stimato\" \/>\n\t<meta name=\"twitter:data2\" content=\"2 minuti\" \/>\n<script type=\"application\/ld+json\" class=\"yoast-schema-graph\">{\"@context\":\"https:\\\/\\\/schema.org\",\"@graph\":[{\"@type\":\"Article\",\"@id\":\"https:\\\/\\\/www.fondazionecrpesaro.it\\\/fondazione\\\/presentazione-della-ii-edizione-del-progetto-della-fondazione-c-r-p-palcoscenico-marche\\\/#article\",\"isPartOf\":{\"@id\":\"https:\\\/\\\/www.fondazionecrpesaro.it\\\/fondazione\\\/presentazione-della-ii-edizione-del-progetto-della-fondazione-c-r-p-palcoscenico-marche\\\/\"},\"author\":{\"name\":\"admin\",\"@id\":\"https:\\\/\\\/www.fondazionecrpesaro.it\\\/fondazione\\\/#\\\/schema\\\/person\\\/bb0e75e0fa4ed92ae5318c59b50ac6f3\"},\"headline\":\"Presentazione della II edizione del progetto della Fondazione C R Pesaro &#8220;Palcoscenico Marche\u201d\",\"datePublished\":\"2021-12-21T11:43:40+00:00\",\"dateModified\":\"2022-01-11T09:26:56+00:00\",\"mainEntityOfPage\":{\"@id\":\"https:\\\/\\\/www.fondazionecrpesaro.it\\\/fondazione\\\/presentazione-della-ii-edizione-del-progetto-della-fondazione-c-r-p-palcoscenico-marche\\\/\"},\"wordCount\":262,\"publisher\":{\"@id\":\"https:\\\/\\\/www.fondazionecrpesaro.it\\\/fondazione\\\/#organization\"},\"image\":{\"@id\":\"https:\\\/\\\/www.fondazionecrpesaro.it\\\/fondazione\\\/presentazione-della-ii-edizione-del-progetto-della-fondazione-c-r-p-palcoscenico-marche\\\/#primaryimage\"},\"thumbnailUrl\":\"https:\\\/\\\/www.fondazionecrpesaro.it\\\/fondazione\\\/wp-content\\\/uploads\\\/2021\\\/12\\\/PM-2021.png\",\"articleSection\":[\"Comunicati Stampa\"],\"inLanguage\":\"it-IT\"},{\"@type\":\"WebPage\",\"@id\":\"https:\\\/\\\/www.fondazionecrpesaro.it\\\/fondazione\\\/presentazione-della-ii-edizione-del-progetto-della-fondazione-c-r-p-palcoscenico-marche\\\/\",\"url\":\"https:\\\/\\\/www.fondazionecrpesaro.it\\\/fondazione\\\/presentazione-della-ii-edizione-del-progetto-della-fondazione-c-r-p-palcoscenico-marche\\\/\",\"name\":\"Presentazione della II edizione del progetto della Fondazione C R Pesaro \\\"Palcoscenico Marche\u201d &#187; Fondazione Cassa di Risparmio di Pesaro\",\"isPartOf\":{\"@id\":\"https:\\\/\\\/www.fondazionecrpesaro.it\\\/fondazione\\\/#website\"},\"primaryImageOfPage\":{\"@id\":\"https:\\\/\\\/www.fondazionecrpesaro.it\\\/fondazione\\\/presentazione-della-ii-edizione-del-progetto-della-fondazione-c-r-p-palcoscenico-marche\\\/#primaryimage\"},\"image\":{\"@id\":\"https:\\\/\\\/www.fondazionecrpesaro.it\\\/fondazione\\\/presentazione-della-ii-edizione-del-progetto-della-fondazione-c-r-p-palcoscenico-marche\\\/#primaryimage\"},\"thumbnailUrl\":\"https:\\\/\\\/www.fondazionecrpesaro.it\\\/fondazione\\\/wp-content\\\/uploads\\\/2021\\\/12\\\/PM-2021.png\",\"datePublished\":\"2021-12-21T11:43:40+00:00\",\"dateModified\":\"2022-01-11T09:26:56+00:00\",\"breadcrumb\":{\"@id\":\"https:\\\/\\\/www.fondazionecrpesaro.it\\\/fondazione\\\/presentazione-della-ii-edizione-del-progetto-della-fondazione-c-r-p-palcoscenico-marche\\\/#breadcrumb\"},\"inLanguage\":\"it-IT\",\"potentialAction\":[{\"@type\":\"ReadAction\",\"target\":[\"https:\\\/\\\/www.fondazionecrpesaro.it\\\/fondazione\\\/presentazione-della-ii-edizione-del-progetto-della-fondazione-c-r-p-palcoscenico-marche\\\/\"]}]},{\"@type\":\"ImageObject\",\"inLanguage\":\"it-IT\",\"@id\":\"https:\\\/\\\/www.fondazionecrpesaro.it\\\/fondazione\\\/presentazione-della-ii-edizione-del-progetto-della-fondazione-c-r-p-palcoscenico-marche\\\/#primaryimage\",\"url\":\"https:\\\/\\\/www.fondazionecrpesaro.it\\\/fondazione\\\/wp-content\\\/uploads\\\/2021\\\/12\\\/PM-2021.png\",\"contentUrl\":\"https:\\\/\\\/www.fondazionecrpesaro.it\\\/fondazione\\\/wp-content\\\/uploads\\\/2021\\\/12\\\/PM-2021.png\",\"width\":1640,\"height\":524},{\"@type\":\"BreadcrumbList\",\"@id\":\"https:\\\/\\\/www.fondazionecrpesaro.it\\\/fondazione\\\/presentazione-della-ii-edizione-del-progetto-della-fondazione-c-r-p-palcoscenico-marche\\\/#breadcrumb\",\"itemListElement\":[{\"@type\":\"ListItem\",\"position\":1,\"name\":\"Home\",\"item\":\"https:\\\/\\\/www.fondazionecrpesaro.it\\\/fondazione\\\/\"},{\"@type\":\"ListItem\",\"position\":2,\"name\":\"Presentazione della II edizione del progetto della Fondazione C R Pesaro &#8220;Palcoscenico Marche\u201d\"}]},{\"@type\":\"WebSite\",\"@id\":\"https:\\\/\\\/www.fondazionecrpesaro.it\\\/fondazione\\\/#website\",\"url\":\"https:\\\/\\\/www.fondazionecrpesaro.it\\\/fondazione\\\/\",\"name\":\"Fondazione Cassa di Risparmio di Pesaro\",\"description\":\"\",\"publisher\":{\"@id\":\"https:\\\/\\\/www.fondazionecrpesaro.it\\\/fondazione\\\/#organization\"},\"potentialAction\":[{\"@type\":\"SearchAction\",\"target\":{\"@type\":\"EntryPoint\",\"urlTemplate\":\"https:\\\/\\\/www.fondazionecrpesaro.it\\\/fondazione\\\/?s={search_term_string}\"},\"query-input\":{\"@type\":\"PropertyValueSpecification\",\"valueRequired\":true,\"valueName\":\"search_term_string\"}}],\"inLanguage\":\"it-IT\"},{\"@type\":\"Organization\",\"@id\":\"https:\\\/\\\/www.fondazionecrpesaro.it\\\/fondazione\\\/#organization\",\"name\":\"Fondazione Cassa di Risparmio di Pesaro\",\"url\":\"https:\\\/\\\/www.fondazionecrpesaro.it\\\/fondazione\\\/\",\"logo\":{\"@type\":\"ImageObject\",\"inLanguage\":\"it-IT\",\"@id\":\"https:\\\/\\\/www.fondazionecrpesaro.it\\\/fondazione\\\/#\\\/schema\\\/logo\\\/image\\\/\",\"url\":\"https:\\\/\\\/www.fondazionecrpesaro.it\\\/fondazione\\\/wp-content\\\/uploads\\\/2021\\\/09\\\/logo-FCRP.png\",\"contentUrl\":\"https:\\\/\\\/www.fondazionecrpesaro.it\\\/fondazione\\\/wp-content\\\/uploads\\\/2021\\\/09\\\/logo-FCRP.png\",\"width\":852,\"height\":173,\"caption\":\"Fondazione Cassa di Risparmio di Pesaro\"},\"image\":{\"@id\":\"https:\\\/\\\/www.fondazionecrpesaro.it\\\/fondazione\\\/#\\\/schema\\\/logo\\\/image\\\/\"}},{\"@type\":\"Person\",\"@id\":\"https:\\\/\\\/www.fondazionecrpesaro.it\\\/fondazione\\\/#\\\/schema\\\/person\\\/bb0e75e0fa4ed92ae5318c59b50ac6f3\",\"name\":\"admin\",\"image\":{\"@type\":\"ImageObject\",\"inLanguage\":\"it-IT\",\"@id\":\"https:\\\/\\\/secure.gravatar.com\\\/avatar\\\/0aa07693944b8b7240e25a6b3b713da444dc87bfc6deb6a8ef9fe602b4f83d12?s=96&d=mm&r=g\",\"url\":\"https:\\\/\\\/secure.gravatar.com\\\/avatar\\\/0aa07693944b8b7240e25a6b3b713da444dc87bfc6deb6a8ef9fe602b4f83d12?s=96&d=mm&r=g\",\"contentUrl\":\"https:\\\/\\\/secure.gravatar.com\\\/avatar\\\/0aa07693944b8b7240e25a6b3b713da444dc87bfc6deb6a8ef9fe602b4f83d12?s=96&d=mm&r=g\",\"caption\":\"admin\"},\"url\":\"https:\\\/\\\/www.fondazionecrpesaro.it\\\/fondazione\\\/author\\\/admin\\\/\"}]}<\/script>\n<!-- \/ Yoast SEO plugin. -->","yoast_head_json":{"title":"Presentazione della II edizione del progetto della Fondazione C R Pesaro \"Palcoscenico Marche\u201d &#187; Fondazione Cassa di Risparmio di Pesaro","robots":{"index":"index","follow":"follow","max-snippet":"max-snippet:-1","max-image-preview":"max-image-preview:large","max-video-preview":"max-video-preview:-1"},"canonical":"https:\/\/www.fondazionecrpesaro.it\/fondazione\/presentazione-della-ii-edizione-del-progetto-della-fondazione-c-r-p-palcoscenico-marche\/","og_locale":"it_IT","og_type":"article","og_title":"Presentazione della II edizione del progetto della Fondazione C R Pesaro \"Palcoscenico Marche\u201d &#187; Fondazione Cassa di Risparmio di Pesaro","og_description":"Si \u00e8 tenuta in data odierna la conferenza stampa per presentare la II edizione del progetto &#8220;Palcoscenico Marche: Architetture, Ambiente ed Arti nella provincia di Pesaro e Urbino&#8221;, progetto promosso [&hellip;]","og_url":"https:\/\/www.fondazionecrpesaro.it\/fondazione\/presentazione-della-ii-edizione-del-progetto-della-fondazione-c-r-p-palcoscenico-marche\/","og_site_name":"Fondazione Cassa di Risparmio di Pesaro","article_published_time":"2021-12-21T11:43:40+00:00","article_modified_time":"2022-01-11T09:26:56+00:00","og_image":[{"width":1640,"height":524,"url":"https:\/\/www.fondazionecrpesaro.it\/fondazione\/wp-content\/uploads\/2021\/12\/PM-2021.png","type":"image\/png"}],"author":"admin","twitter_card":"summary_large_image","twitter_misc":{"Scritto da":"admin","Tempo di lettura stimato":"2 minuti"},"schema":{"@context":"https:\/\/schema.org","@graph":[{"@type":"Article","@id":"https:\/\/www.fondazionecrpesaro.it\/fondazione\/presentazione-della-ii-edizione-del-progetto-della-fondazione-c-r-p-palcoscenico-marche\/#article","isPartOf":{"@id":"https:\/\/www.fondazionecrpesaro.it\/fondazione\/presentazione-della-ii-edizione-del-progetto-della-fondazione-c-r-p-palcoscenico-marche\/"},"author":{"name":"admin","@id":"https:\/\/www.fondazionecrpesaro.it\/fondazione\/#\/schema\/person\/bb0e75e0fa4ed92ae5318c59b50ac6f3"},"headline":"Presentazione della II edizione del progetto della Fondazione C R Pesaro &#8220;Palcoscenico Marche\u201d","datePublished":"2021-12-21T11:43:40+00:00","dateModified":"2022-01-11T09:26:56+00:00","mainEntityOfPage":{"@id":"https:\/\/www.fondazionecrpesaro.it\/fondazione\/presentazione-della-ii-edizione-del-progetto-della-fondazione-c-r-p-palcoscenico-marche\/"},"wordCount":262,"publisher":{"@id":"https:\/\/www.fondazionecrpesaro.it\/fondazione\/#organization"},"image":{"@id":"https:\/\/www.fondazionecrpesaro.it\/fondazione\/presentazione-della-ii-edizione-del-progetto-della-fondazione-c-r-p-palcoscenico-marche\/#primaryimage"},"thumbnailUrl":"https:\/\/www.fondazionecrpesaro.it\/fondazione\/wp-content\/uploads\/2021\/12\/PM-2021.png","articleSection":["Comunicati Stampa"],"inLanguage":"it-IT"},{"@type":"WebPage","@id":"https:\/\/www.fondazionecrpesaro.it\/fondazione\/presentazione-della-ii-edizione-del-progetto-della-fondazione-c-r-p-palcoscenico-marche\/","url":"https:\/\/www.fondazionecrpesaro.it\/fondazione\/presentazione-della-ii-edizione-del-progetto-della-fondazione-c-r-p-palcoscenico-marche\/","name":"Presentazione della II edizione del progetto della Fondazione C R Pesaro \"Palcoscenico Marche\u201d &#187; Fondazione Cassa di Risparmio di Pesaro","isPartOf":{"@id":"https:\/\/www.fondazionecrpesaro.it\/fondazione\/#website"},"primaryImageOfPage":{"@id":"https:\/\/www.fondazionecrpesaro.it\/fondazione\/presentazione-della-ii-edizione-del-progetto-della-fondazione-c-r-p-palcoscenico-marche\/#primaryimage"},"image":{"@id":"https:\/\/www.fondazionecrpesaro.it\/fondazione\/presentazione-della-ii-edizione-del-progetto-della-fondazione-c-r-p-palcoscenico-marche\/#primaryimage"},"thumbnailUrl":"https:\/\/www.fondazionecrpesaro.it\/fondazione\/wp-content\/uploads\/2021\/12\/PM-2021.png","datePublished":"2021-12-21T11:43:40+00:00","dateModified":"2022-01-11T09:26:56+00:00","breadcrumb":{"@id":"https:\/\/www.fondazionecrpesaro.it\/fondazione\/presentazione-della-ii-edizione-del-progetto-della-fondazione-c-r-p-palcoscenico-marche\/#breadcrumb"},"inLanguage":"it-IT","potentialAction":[{"@type":"ReadAction","target":["https:\/\/www.fondazionecrpesaro.it\/fondazione\/presentazione-della-ii-edizione-del-progetto-della-fondazione-c-r-p-palcoscenico-marche\/"]}]},{"@type":"ImageObject","inLanguage":"it-IT","@id":"https:\/\/www.fondazionecrpesaro.it\/fondazione\/presentazione-della-ii-edizione-del-progetto-della-fondazione-c-r-p-palcoscenico-marche\/#primaryimage","url":"https:\/\/www.fondazionecrpesaro.it\/fondazione\/wp-content\/uploads\/2021\/12\/PM-2021.png","contentUrl":"https:\/\/www.fondazionecrpesaro.it\/fondazione\/wp-content\/uploads\/2021\/12\/PM-2021.png","width":1640,"height":524},{"@type":"BreadcrumbList","@id":"https:\/\/www.fondazionecrpesaro.it\/fondazione\/presentazione-della-ii-edizione-del-progetto-della-fondazione-c-r-p-palcoscenico-marche\/#breadcrumb","itemListElement":[{"@type":"ListItem","position":1,"name":"Home","item":"https:\/\/www.fondazionecrpesaro.it\/fondazione\/"},{"@type":"ListItem","position":2,"name":"Presentazione della II edizione del progetto della Fondazione C R Pesaro &#8220;Palcoscenico Marche\u201d"}]},{"@type":"WebSite","@id":"https:\/\/www.fondazionecrpesaro.it\/fondazione\/#website","url":"https:\/\/www.fondazionecrpesaro.it\/fondazione\/","name":"Fondazione Cassa di Risparmio di Pesaro","description":"","publisher":{"@id":"https:\/\/www.fondazionecrpesaro.it\/fondazione\/#organization"},"potentialAction":[{"@type":"SearchAction","target":{"@type":"EntryPoint","urlTemplate":"https:\/\/www.fondazionecrpesaro.it\/fondazione\/?s={search_term_string}"},"query-input":{"@type":"PropertyValueSpecification","valueRequired":true,"valueName":"search_term_string"}}],"inLanguage":"it-IT"},{"@type":"Organization","@id":"https:\/\/www.fondazionecrpesaro.it\/fondazione\/#organization","name":"Fondazione Cassa di Risparmio di Pesaro","url":"https:\/\/www.fondazionecrpesaro.it\/fondazione\/","logo":{"@type":"ImageObject","inLanguage":"it-IT","@id":"https:\/\/www.fondazionecrpesaro.it\/fondazione\/#\/schema\/logo\/image\/","url":"https:\/\/www.fondazionecrpesaro.it\/fondazione\/wp-content\/uploads\/2021\/09\/logo-FCRP.png","contentUrl":"https:\/\/www.fondazionecrpesaro.it\/fondazione\/wp-content\/uploads\/2021\/09\/logo-FCRP.png","width":852,"height":173,"caption":"Fondazione Cassa di Risparmio di Pesaro"},"image":{"@id":"https:\/\/www.fondazionecrpesaro.it\/fondazione\/#\/schema\/logo\/image\/"}},{"@type":"Person","@id":"https:\/\/www.fondazionecrpesaro.it\/fondazione\/#\/schema\/person\/bb0e75e0fa4ed92ae5318c59b50ac6f3","name":"admin","image":{"@type":"ImageObject","inLanguage":"it-IT","@id":"https:\/\/secure.gravatar.com\/avatar\/0aa07693944b8b7240e25a6b3b713da444dc87bfc6deb6a8ef9fe602b4f83d12?s=96&d=mm&r=g","url":"https:\/\/secure.gravatar.com\/avatar\/0aa07693944b8b7240e25a6b3b713da444dc87bfc6deb6a8ef9fe602b4f83d12?s=96&d=mm&r=g","contentUrl":"https:\/\/secure.gravatar.com\/avatar\/0aa07693944b8b7240e25a6b3b713da444dc87bfc6deb6a8ef9fe602b4f83d12?s=96&d=mm&r=g","caption":"admin"},"url":"https:\/\/www.fondazionecrpesaro.it\/fondazione\/author\/admin\/"}]}},"_links":{"self":[{"href":"https:\/\/www.fondazionecrpesaro.it\/fondazione\/wp-json\/wp\/v2\/posts\/3063","targetHints":{"allow":["GET"]}}],"collection":[{"href":"https:\/\/www.fondazionecrpesaro.it\/fondazione\/wp-json\/wp\/v2\/posts"}],"about":[{"href":"https:\/\/www.fondazionecrpesaro.it\/fondazione\/wp-json\/wp\/v2\/types\/post"}],"author":[{"embeddable":true,"href":"https:\/\/www.fondazionecrpesaro.it\/fondazione\/wp-json\/wp\/v2\/users\/1"}],"replies":[{"embeddable":true,"href":"https:\/\/www.fondazionecrpesaro.it\/fondazione\/wp-json\/wp\/v2\/comments?post=3063"}],"version-history":[{"count":0,"href":"https:\/\/www.fondazionecrpesaro.it\/fondazione\/wp-json\/wp\/v2\/posts\/3063\/revisions"}],"wp:featuredmedia":[{"embeddable":true,"href":"https:\/\/www.fondazionecrpesaro.it\/fondazione\/wp-json\/wp\/v2\/media\/3064"}],"wp:attachment":[{"href":"https:\/\/www.fondazionecrpesaro.it\/fondazione\/wp-json\/wp\/v2\/media?parent=3063"}],"wp:term":[{"taxonomy":"category","embeddable":true,"href":"https:\/\/www.fondazionecrpesaro.it\/fondazione\/wp-json\/wp\/v2\/categories?post=3063"},{"taxonomy":"post_tag","embeddable":true,"href":"https:\/\/www.fondazionecrpesaro.it\/fondazione\/wp-json\/wp\/v2\/tags?post=3063"}],"curies":[{"name":"wp","href":"https:\/\/api.w.org\/{rel}","templated":true}]}}