{"id":2798,"date":"2021-10-01T15:00:25","date_gmt":"2021-10-01T13:00:25","guid":{"rendered":"https:\/\/www.fondazionecrpesaro.it\/fondazione\/?p=2798"},"modified":"2021-11-12T16:46:39","modified_gmt":"2021-11-12T15:46:39","slug":"non-sono-un-murales-segni-di-comunita","status":"publish","type":"post","link":"https:\/\/www.fondazionecrpesaro.it\/fondazione\/non-sono-un-murales-segni-di-comunita\/","title":{"rendered":"NON SONO UN MURALES &#8211; SEGNI DI COMUNIT\u00c0"},"content":{"rendered":"\n<p><strong>Fondazione Cassa di Risparmio Pesaro e <strong>Fondazione Wanda Di Ferdinando <\/strong>insieme per la citt\u00e0 di Pesaro. Realizzano un\u2019opera d\u2019arte dedicata alla cura del territorio e di chi lo abita.<\/strong><br> <strong>Il 1\u00b0 ottobre 2021<\/strong>, In occasione della nona <strong>Giornata Europea delle Fondazioni promossa in Italia da ACRI e ASSIFERO<\/strong>,&nbsp;si tiene <strong>\u201cNon sono un murales \u2013 Segni di comunit\u00e0\u201d: un evento diffuso che prevede la presentazione, in simultanea a livello nazionale, di una&nbsp;stessa&nbsp;opera d\u2019arte,&nbsp;realizzata singolarmente ma su una matrice&nbsp;condivisa<\/strong>:&nbsp;uno&nbsp;stencil raffigurante un adulto mentre allaccia le scarpe ad un bambino che, con lo zaino sulle spalle, guarda, carico di aspettative, verso lo spettatore e il futuro. Ideato dallo street artist&nbsp;pistoiese<strong>&nbsp;LDB&nbsp;(Lorenzo Di Bari)&nbsp;e realizzato in 120 luoghi d\u2019Italia<\/strong>, l&#8221;immagine rappresenta in maniera efficace<strong>&nbsp;il ruolo attivo di cura che le fondazioni esercitano per la comunit\u00e0,&nbsp;per i giovani ed i soggetti pi\u00f9 fragili, <\/strong>innescando percorsi di partecipazione e di solidariet\u00e0 che aiutino a ripartire tutti insieme.&nbsp;<br>La<strong> Fondazione Cassa di Risparmio Pesaro<\/strong> e la <strong>Fondazione Wanda Di Ferdinando<\/strong>,&nbsp;aderendo congiuntamente alla proposta nell&#8217;ambito delle rispettive associazioni di categoria, sono state promotrici dell&#8217;iniziativa&nbsp;in sinergia con il <strong>Comune di Pesaro<\/strong> e con <strong>Ittico ArtLab<\/strong>. Una partnership unita nel senso dell\u2019iniziativa: ribadire il messaggio che le fondazioni sono al servizio del territorio e di chi lo abita. Un impegno reso ancora pi\u00f9 di impatto se perseguito insieme. <\/p>\n\n\n\n<p><em>&#8220;Tramite una immagine evocativa di immediata lettura e interpretazione, vogliamo ancora una volta sottolineare il ruolo delle fondazioni nel territorio di riferimento, particolarmente incisivo verso i soggetti pi\u00f9 fragili e le giovani generazioni, con l&#8217;intento di dare loro un&#8217;ulteriore speranza per il futuro&#8221;<\/em><strong> sostiene il Presidente della Fondazione Cassa di Risparmio di Pesaro Marco Martelli<\/strong>.<em> &#8220;Insieme alla Fondazione Wanda di Ferdinando e grazie alla preziosa collaborazione del Comune di Pesaro e Ittico ArtLab, abbiamo voluto lasciare una traccia &#8211; anche su formato digitale &#8211; che rimandi alla nostra vocazione e rimanga nel tempo in un luogo di ampia fruibilit\u00e0 e di pubblico accesso:&nbsp;il cortile della Biblioteca San Giovanni di Pesaro, cuore della vita culturale&nbsp;cittadina.<\/em> [&#8230;] <em>l\u2019immagine dello stencil ricorda la funzione del nostro operato: \u2018allacciare le scarpe\u2019 ad un bambino \u00e8 come togliere la pietra di inciampo, come rimuovere un ostacolo in un percorso. E questo accompagnare nel percorso del pi\u00f9 fragile \u00e8 il ruolo della Fondazione Cassa di Risparmio di Pesaro, impegno che verr\u00e0 ulteriormente ribadito a breve in occasione della presentazione della campagna erogativa 2022.\u201d<\/em><br><em>\u201cNoi ci occupiamo da anni di sostegno al diritto all\u2019istruzione \u2013<\/em><strong> afferma Federica M. Panicali, Presidente della Fondazione Wanda Di Ferdinando<\/strong> &#8211; <em>e sappiamo quanto sia importante per il futuro garantire delle possibilit\u00e0 alle giovani generazioni. Con questa&nbsp;opera vogliamo rinnovare la promessa della nostra dedizione&nbsp;e presentare temi quali Comunit\u00e0, Giovani, Cultura, Europa che ispirano l&#8217;attivit\u00e0 delle Fondazioni\u201d<\/em>.<\/p>\n\n\n\n<p>Interpretato creativamente e <strong>realizzato da Ittico ArtLab<\/strong>, il murales \u00e8 stato personalizzato con uno <strong>sfondo blu oltremare che richiama intenzionalmente i lapislazzuli dell&#8217;Afghanistan<\/strong> e contiene una precisa dedica. <em>\u201cL\u2019intenzione era quella di rivolgere un pensiero alla popolazione afghana \u2013<\/em> afferma Federica M. Panicali &#8211;<em> Nell\u2019interconnessione delle sfide globali non possiamo pensare di poter restare indifferenti a ci\u00f2 che sta accadendo. Che anche il loro futuro possa riappropriarsi della speranza\u201d.&nbsp;<\/em><\/p>\n\n\n\n<p>Un QRCode, infine, consente di visualizzare la mappa digitale rintracciabile al seguente link:&nbsp;<a href=\"https:\/\/www.acri.it\/non-sono-un-murales\/\">https:\/\/www.acri.it\/non-sono-un-murales\/<\/a><\/p>\n\n\n\n<p><br><\/p>\n\n\n\n<div class=\"wp-block-image\"><figure class=\"aligncenter size-full\"><a href=\"https:\/\/www.fondazionecrpesaro.it\/fondazione\/wp-content\/uploads\/2021\/10\/3nonsonounmurales.png\"><img fetchpriority=\"high\" decoding=\"async\" width=\"940\" height=\"788\" src=\"https:\/\/www.fondazionecrpesaro.it\/fondazione\/wp-content\/uploads\/2021\/10\/3nonsonounmurales.png\" alt=\"\" class=\"wp-image-2803\" srcset=\"https:\/\/www.fondazionecrpesaro.it\/fondazione\/wp-content\/uploads\/2021\/10\/3nonsonounmurales.png 940w, https:\/\/www.fondazionecrpesaro.it\/fondazione\/wp-content\/uploads\/2021\/10\/3nonsonounmurales-300x251.png 300w, https:\/\/www.fondazionecrpesaro.it\/fondazione\/wp-content\/uploads\/2021\/10\/3nonsonounmurales-768x644.png 768w\" sizes=\"(max-width: 940px) 100vw, 940px\" \/><\/a><\/figure><\/div>\n","protected":false},"excerpt":{"rendered":"<p>Fondazione Cassa di Risparmio Pesaro e Fondazione Wanda Di Ferdinando insieme per la citt\u00e0 di Pesaro. Realizzano un\u2019opera d\u2019arte dedicata alla cura del territorio e di chi lo abita. Il [&hellip;]<\/p>\n","protected":false},"author":1,"featured_media":2967,"comment_status":"closed","ping_status":"closed","sticky":false,"template":"","format":"standard","meta":{"ocean_post_layout":"","ocean_both_sidebars_style":"","ocean_both_sidebars_content_width":0,"ocean_both_sidebars_sidebars_width":0,"ocean_sidebar":"0","ocean_second_sidebar":"0","ocean_disable_margins":"enable","ocean_add_body_class":"Fondazione Wanda Di Ferdinando e Fondazione Cassa di Risparmio Pesaro insieme per la citt\u00e0 di Pesaro. Realizzano un\u2019opera d\u2019arte dedicata alla cura del territorio e di chi lo abita.","ocean_shortcode_before_top_bar":"","ocean_shortcode_after_top_bar":"","ocean_shortcode_before_header":"","ocean_shortcode_after_header":"","ocean_has_shortcode":"","ocean_shortcode_after_title":"","ocean_shortcode_before_footer_widgets":"","ocean_shortcode_after_footer_widgets":"","ocean_shortcode_before_footer_bottom":"","ocean_shortcode_after_footer_bottom":"","ocean_display_top_bar":"default","ocean_display_header":"default","ocean_header_style":"","ocean_center_header_left_menu":"0","ocean_custom_header_template":"0","ocean_custom_logo":0,"ocean_custom_retina_logo":0,"ocean_custom_logo_max_width":0,"ocean_custom_logo_tablet_max_width":0,"ocean_custom_logo_mobile_max_width":0,"ocean_custom_logo_max_height":0,"ocean_custom_logo_tablet_max_height":0,"ocean_custom_logo_mobile_max_height":0,"ocean_header_custom_menu":"0","ocean_menu_typo_font_family":"0","ocean_menu_typo_font_subset":"","ocean_menu_typo_font_size":0,"ocean_menu_typo_font_size_tablet":0,"ocean_menu_typo_font_size_mobile":0,"ocean_menu_typo_font_size_unit":"px","ocean_menu_typo_font_weight":"","ocean_menu_typo_font_weight_tablet":"","ocean_menu_typo_font_weight_mobile":"","ocean_menu_typo_transform":"","ocean_menu_typo_transform_tablet":"","ocean_menu_typo_transform_mobile":"","ocean_menu_typo_line_height":0,"ocean_menu_typo_line_height_tablet":0,"ocean_menu_typo_line_height_mobile":0,"ocean_menu_typo_line_height_unit":"","ocean_menu_typo_spacing":0,"ocean_menu_typo_spacing_tablet":0,"ocean_menu_typo_spacing_mobile":0,"ocean_menu_typo_spacing_unit":"","ocean_menu_link_color":"","ocean_menu_link_color_hover":"","ocean_menu_link_color_active":"","ocean_menu_link_background":"","ocean_menu_link_hover_background":"","ocean_menu_link_active_background":"","ocean_menu_social_links_bg":"","ocean_menu_social_hover_links_bg":"","ocean_menu_social_links_color":"","ocean_menu_social_hover_links_color":"","ocean_disable_title":"default","ocean_disable_heading":"default","ocean_post_title":"","ocean_post_subheading":"","ocean_post_title_style":"","ocean_post_title_background_color":"","ocean_post_title_background":0,"ocean_post_title_bg_image_position":"","ocean_post_title_bg_image_attachment":"","ocean_post_title_bg_image_repeat":"","ocean_post_title_bg_image_size":"","ocean_post_title_height":0,"ocean_post_title_bg_overlay":0.5,"ocean_post_title_bg_overlay_color":"","ocean_disable_breadcrumbs":"default","ocean_breadcrumbs_color":"","ocean_breadcrumbs_separator_color":"","ocean_breadcrumbs_links_color":"","ocean_breadcrumbs_links_hover_color":"","ocean_display_footer_widgets":"default","ocean_display_footer_bottom":"default","ocean_custom_footer_template":"0","ocean_post_oembed":"","ocean_post_self_hosted_media":"","ocean_post_video_embed":"","ocean_link_format":"","ocean_link_format_target":"self","ocean_quote_format":"","ocean_quote_format_link":"post","ocean_gallery_link_images":"off","ocean_gallery_id":[2803,2804,2805],"footnotes":""},"categories":[3],"tags":[],"class_list":["post-2798","post","type-post","status-publish","format-standard","has-post-thumbnail","hentry","category-news","entry","has-media"],"yoast_head":"<!-- This site is optimized with the Yoast SEO plugin v27.5 - https:\/\/yoast.com\/product\/yoast-seo-wordpress\/ -->\n<title>NON SONO UN MURALES - SEGNI DI COMUNIT\u00c0 &#187; Fondazione Cassa di Risparmio di Pesaro<\/title>\n<meta name=\"robots\" content=\"index, follow, max-snippet:-1, max-image-preview:large, max-video-preview:-1\" \/>\n<link rel=\"canonical\" href=\"https:\/\/www.fondazionecrpesaro.it\/fondazione\/non-sono-un-murales-segni-di-comunita\/\" \/>\n<meta property=\"og:locale\" content=\"it_IT\" \/>\n<meta property=\"og:type\" content=\"article\" \/>\n<meta property=\"og:title\" content=\"NON SONO UN MURALES - SEGNI DI COMUNIT\u00c0 &#187; Fondazione Cassa di Risparmio di Pesaro\" \/>\n<meta property=\"og:description\" content=\"Fondazione Cassa di Risparmio Pesaro e Fondazione Wanda Di Ferdinando insieme per la citt\u00e0 di Pesaro. Realizzano un\u2019opera d\u2019arte dedicata alla cura del territorio e di chi lo abita. Il [&hellip;]\" \/>\n<meta property=\"og:url\" content=\"https:\/\/www.fondazionecrpesaro.it\/fondazione\/non-sono-un-murales-segni-di-comunita\/\" \/>\n<meta property=\"og:site_name\" content=\"Fondazione Cassa di Risparmio di Pesaro\" \/>\n<meta property=\"article:published_time\" content=\"2021-10-01T13:00:25+00:00\" \/>\n<meta property=\"article:modified_time\" content=\"2021-11-12T15:46:39+00:00\" \/>\n<meta property=\"og:image\" content=\"https:\/\/www.fondazionecrpesaro.it\/fondazione\/wp-content\/uploads\/2021\/10\/murales-immagine-in-evidenza.png\" \/>\n\t<meta property=\"og:image:width\" content=\"1640\" \/>\n\t<meta property=\"og:image:height\" content=\"524\" \/>\n\t<meta property=\"og:image:type\" content=\"image\/png\" \/>\n<meta name=\"author\" content=\"admin\" \/>\n<meta name=\"twitter:card\" content=\"summary_large_image\" \/>\n<meta name=\"twitter:label1\" content=\"Scritto da\" \/>\n\t<meta name=\"twitter:data1\" content=\"admin\" \/>\n\t<meta name=\"twitter:label2\" content=\"Tempo di lettura stimato\" \/>\n\t<meta name=\"twitter:data2\" content=\"3 minuti\" \/>\n<script type=\"application\/ld+json\" class=\"yoast-schema-graph\">{\"@context\":\"https:\\\/\\\/schema.org\",\"@graph\":[{\"@type\":\"Article\",\"@id\":\"https:\\\/\\\/www.fondazionecrpesaro.it\\\/fondazione\\\/non-sono-un-murales-segni-di-comunita\\\/#article\",\"isPartOf\":{\"@id\":\"https:\\\/\\\/www.fondazionecrpesaro.it\\\/fondazione\\\/non-sono-un-murales-segni-di-comunita\\\/\"},\"author\":{\"name\":\"admin\",\"@id\":\"https:\\\/\\\/www.fondazionecrpesaro.it\\\/fondazione\\\/#\\\/schema\\\/person\\\/bb0e75e0fa4ed92ae5318c59b50ac6f3\"},\"headline\":\"NON SONO UN MURALES &#8211; SEGNI DI COMUNIT\u00c0\",\"datePublished\":\"2021-10-01T13:00:25+00:00\",\"dateModified\":\"2021-11-12T15:46:39+00:00\",\"mainEntityOfPage\":{\"@id\":\"https:\\\/\\\/www.fondazionecrpesaro.it\\\/fondazione\\\/non-sono-un-murales-segni-di-comunita\\\/\"},\"wordCount\":592,\"publisher\":{\"@id\":\"https:\\\/\\\/www.fondazionecrpesaro.it\\\/fondazione\\\/#organization\"},\"image\":{\"@id\":\"https:\\\/\\\/www.fondazionecrpesaro.it\\\/fondazione\\\/non-sono-un-murales-segni-di-comunita\\\/#primaryimage\"},\"thumbnailUrl\":\"https:\\\/\\\/www.fondazionecrpesaro.it\\\/fondazione\\\/wp-content\\\/uploads\\\/2021\\\/10\\\/murales-immagine-in-evidenza.png\",\"articleSection\":[\"Comunicati Stampa\"],\"inLanguage\":\"it-IT\"},{\"@type\":\"WebPage\",\"@id\":\"https:\\\/\\\/www.fondazionecrpesaro.it\\\/fondazione\\\/non-sono-un-murales-segni-di-comunita\\\/\",\"url\":\"https:\\\/\\\/www.fondazionecrpesaro.it\\\/fondazione\\\/non-sono-un-murales-segni-di-comunita\\\/\",\"name\":\"NON SONO UN MURALES - SEGNI DI COMUNIT\u00c0 &#187; Fondazione Cassa di Risparmio di Pesaro\",\"isPartOf\":{\"@id\":\"https:\\\/\\\/www.fondazionecrpesaro.it\\\/fondazione\\\/#website\"},\"primaryImageOfPage\":{\"@id\":\"https:\\\/\\\/www.fondazionecrpesaro.it\\\/fondazione\\\/non-sono-un-murales-segni-di-comunita\\\/#primaryimage\"},\"image\":{\"@id\":\"https:\\\/\\\/www.fondazionecrpesaro.it\\\/fondazione\\\/non-sono-un-murales-segni-di-comunita\\\/#primaryimage\"},\"thumbnailUrl\":\"https:\\\/\\\/www.fondazionecrpesaro.it\\\/fondazione\\\/wp-content\\\/uploads\\\/2021\\\/10\\\/murales-immagine-in-evidenza.png\",\"datePublished\":\"2021-10-01T13:00:25+00:00\",\"dateModified\":\"2021-11-12T15:46:39+00:00\",\"breadcrumb\":{\"@id\":\"https:\\\/\\\/www.fondazionecrpesaro.it\\\/fondazione\\\/non-sono-un-murales-segni-di-comunita\\\/#breadcrumb\"},\"inLanguage\":\"it-IT\",\"potentialAction\":[{\"@type\":\"ReadAction\",\"target\":[\"https:\\\/\\\/www.fondazionecrpesaro.it\\\/fondazione\\\/non-sono-un-murales-segni-di-comunita\\\/\"]}]},{\"@type\":\"ImageObject\",\"inLanguage\":\"it-IT\",\"@id\":\"https:\\\/\\\/www.fondazionecrpesaro.it\\\/fondazione\\\/non-sono-un-murales-segni-di-comunita\\\/#primaryimage\",\"url\":\"https:\\\/\\\/www.fondazionecrpesaro.it\\\/fondazione\\\/wp-content\\\/uploads\\\/2021\\\/10\\\/murales-immagine-in-evidenza.png\",\"contentUrl\":\"https:\\\/\\\/www.fondazionecrpesaro.it\\\/fondazione\\\/wp-content\\\/uploads\\\/2021\\\/10\\\/murales-immagine-in-evidenza.png\",\"width\":1640,\"height\":524},{\"@type\":\"BreadcrumbList\",\"@id\":\"https:\\\/\\\/www.fondazionecrpesaro.it\\\/fondazione\\\/non-sono-un-murales-segni-di-comunita\\\/#breadcrumb\",\"itemListElement\":[{\"@type\":\"ListItem\",\"position\":1,\"name\":\"Home\",\"item\":\"https:\\\/\\\/www.fondazionecrpesaro.it\\\/fondazione\\\/\"},{\"@type\":\"ListItem\",\"position\":2,\"name\":\"NON SONO UN MURALES &#8211; SEGNI DI COMUNIT\u00c0\"}]},{\"@type\":\"WebSite\",\"@id\":\"https:\\\/\\\/www.fondazionecrpesaro.it\\\/fondazione\\\/#website\",\"url\":\"https:\\\/\\\/www.fondazionecrpesaro.it\\\/fondazione\\\/\",\"name\":\"Fondazione Cassa di Risparmio di Pesaro\",\"description\":\"\",\"publisher\":{\"@id\":\"https:\\\/\\\/www.fondazionecrpesaro.it\\\/fondazione\\\/#organization\"},\"potentialAction\":[{\"@type\":\"SearchAction\",\"target\":{\"@type\":\"EntryPoint\",\"urlTemplate\":\"https:\\\/\\\/www.fondazionecrpesaro.it\\\/fondazione\\\/?s={search_term_string}\"},\"query-input\":{\"@type\":\"PropertyValueSpecification\",\"valueRequired\":true,\"valueName\":\"search_term_string\"}}],\"inLanguage\":\"it-IT\"},{\"@type\":\"Organization\",\"@id\":\"https:\\\/\\\/www.fondazionecrpesaro.it\\\/fondazione\\\/#organization\",\"name\":\"Fondazione Cassa di Risparmio di Pesaro\",\"url\":\"https:\\\/\\\/www.fondazionecrpesaro.it\\\/fondazione\\\/\",\"logo\":{\"@type\":\"ImageObject\",\"inLanguage\":\"it-IT\",\"@id\":\"https:\\\/\\\/www.fondazionecrpesaro.it\\\/fondazione\\\/#\\\/schema\\\/logo\\\/image\\\/\",\"url\":\"https:\\\/\\\/www.fondazionecrpesaro.it\\\/fondazione\\\/wp-content\\\/uploads\\\/2021\\\/09\\\/logo-FCRP.png\",\"contentUrl\":\"https:\\\/\\\/www.fondazionecrpesaro.it\\\/fondazione\\\/wp-content\\\/uploads\\\/2021\\\/09\\\/logo-FCRP.png\",\"width\":852,\"height\":173,\"caption\":\"Fondazione Cassa di Risparmio di Pesaro\"},\"image\":{\"@id\":\"https:\\\/\\\/www.fondazionecrpesaro.it\\\/fondazione\\\/#\\\/schema\\\/logo\\\/image\\\/\"}},{\"@type\":\"Person\",\"@id\":\"https:\\\/\\\/www.fondazionecrpesaro.it\\\/fondazione\\\/#\\\/schema\\\/person\\\/bb0e75e0fa4ed92ae5318c59b50ac6f3\",\"name\":\"admin\",\"image\":{\"@type\":\"ImageObject\",\"inLanguage\":\"it-IT\",\"@id\":\"https:\\\/\\\/secure.gravatar.com\\\/avatar\\\/0aa07693944b8b7240e25a6b3b713da444dc87bfc6deb6a8ef9fe602b4f83d12?s=96&d=mm&r=g\",\"url\":\"https:\\\/\\\/secure.gravatar.com\\\/avatar\\\/0aa07693944b8b7240e25a6b3b713da444dc87bfc6deb6a8ef9fe602b4f83d12?s=96&d=mm&r=g\",\"contentUrl\":\"https:\\\/\\\/secure.gravatar.com\\\/avatar\\\/0aa07693944b8b7240e25a6b3b713da444dc87bfc6deb6a8ef9fe602b4f83d12?s=96&d=mm&r=g\",\"caption\":\"admin\"},\"url\":\"https:\\\/\\\/www.fondazionecrpesaro.it\\\/fondazione\\\/author\\\/admin\\\/\"}]}<\/script>\n<!-- \/ Yoast SEO plugin. -->","yoast_head_json":{"title":"NON SONO UN MURALES - SEGNI DI COMUNIT\u00c0 &#187; Fondazione Cassa di Risparmio di Pesaro","robots":{"index":"index","follow":"follow","max-snippet":"max-snippet:-1","max-image-preview":"max-image-preview:large","max-video-preview":"max-video-preview:-1"},"canonical":"https:\/\/www.fondazionecrpesaro.it\/fondazione\/non-sono-un-murales-segni-di-comunita\/","og_locale":"it_IT","og_type":"article","og_title":"NON SONO UN MURALES - SEGNI DI COMUNIT\u00c0 &#187; Fondazione Cassa di Risparmio di Pesaro","og_description":"Fondazione Cassa di Risparmio Pesaro e Fondazione Wanda Di Ferdinando insieme per la citt\u00e0 di Pesaro. Realizzano un\u2019opera d\u2019arte dedicata alla cura del territorio e di chi lo abita. Il [&hellip;]","og_url":"https:\/\/www.fondazionecrpesaro.it\/fondazione\/non-sono-un-murales-segni-di-comunita\/","og_site_name":"Fondazione Cassa di Risparmio di Pesaro","article_published_time":"2021-10-01T13:00:25+00:00","article_modified_time":"2021-11-12T15:46:39+00:00","og_image":[{"width":1640,"height":524,"url":"https:\/\/www.fondazionecrpesaro.it\/fondazione\/wp-content\/uploads\/2021\/10\/murales-immagine-in-evidenza.png","type":"image\/png"}],"author":"admin","twitter_card":"summary_large_image","twitter_misc":{"Scritto da":"admin","Tempo di lettura stimato":"3 minuti"},"schema":{"@context":"https:\/\/schema.org","@graph":[{"@type":"Article","@id":"https:\/\/www.fondazionecrpesaro.it\/fondazione\/non-sono-un-murales-segni-di-comunita\/#article","isPartOf":{"@id":"https:\/\/www.fondazionecrpesaro.it\/fondazione\/non-sono-un-murales-segni-di-comunita\/"},"author":{"name":"admin","@id":"https:\/\/www.fondazionecrpesaro.it\/fondazione\/#\/schema\/person\/bb0e75e0fa4ed92ae5318c59b50ac6f3"},"headline":"NON SONO UN MURALES &#8211; SEGNI DI COMUNIT\u00c0","datePublished":"2021-10-01T13:00:25+00:00","dateModified":"2021-11-12T15:46:39+00:00","mainEntityOfPage":{"@id":"https:\/\/www.fondazionecrpesaro.it\/fondazione\/non-sono-un-murales-segni-di-comunita\/"},"wordCount":592,"publisher":{"@id":"https:\/\/www.fondazionecrpesaro.it\/fondazione\/#organization"},"image":{"@id":"https:\/\/www.fondazionecrpesaro.it\/fondazione\/non-sono-un-murales-segni-di-comunita\/#primaryimage"},"thumbnailUrl":"https:\/\/www.fondazionecrpesaro.it\/fondazione\/wp-content\/uploads\/2021\/10\/murales-immagine-in-evidenza.png","articleSection":["Comunicati Stampa"],"inLanguage":"it-IT"},{"@type":"WebPage","@id":"https:\/\/www.fondazionecrpesaro.it\/fondazione\/non-sono-un-murales-segni-di-comunita\/","url":"https:\/\/www.fondazionecrpesaro.it\/fondazione\/non-sono-un-murales-segni-di-comunita\/","name":"NON SONO UN MURALES - SEGNI DI COMUNIT\u00c0 &#187; Fondazione Cassa di Risparmio di Pesaro","isPartOf":{"@id":"https:\/\/www.fondazionecrpesaro.it\/fondazione\/#website"},"primaryImageOfPage":{"@id":"https:\/\/www.fondazionecrpesaro.it\/fondazione\/non-sono-un-murales-segni-di-comunita\/#primaryimage"},"image":{"@id":"https:\/\/www.fondazionecrpesaro.it\/fondazione\/non-sono-un-murales-segni-di-comunita\/#primaryimage"},"thumbnailUrl":"https:\/\/www.fondazionecrpesaro.it\/fondazione\/wp-content\/uploads\/2021\/10\/murales-immagine-in-evidenza.png","datePublished":"2021-10-01T13:00:25+00:00","dateModified":"2021-11-12T15:46:39+00:00","breadcrumb":{"@id":"https:\/\/www.fondazionecrpesaro.it\/fondazione\/non-sono-un-murales-segni-di-comunita\/#breadcrumb"},"inLanguage":"it-IT","potentialAction":[{"@type":"ReadAction","target":["https:\/\/www.fondazionecrpesaro.it\/fondazione\/non-sono-un-murales-segni-di-comunita\/"]}]},{"@type":"ImageObject","inLanguage":"it-IT","@id":"https:\/\/www.fondazionecrpesaro.it\/fondazione\/non-sono-un-murales-segni-di-comunita\/#primaryimage","url":"https:\/\/www.fondazionecrpesaro.it\/fondazione\/wp-content\/uploads\/2021\/10\/murales-immagine-in-evidenza.png","contentUrl":"https:\/\/www.fondazionecrpesaro.it\/fondazione\/wp-content\/uploads\/2021\/10\/murales-immagine-in-evidenza.png","width":1640,"height":524},{"@type":"BreadcrumbList","@id":"https:\/\/www.fondazionecrpesaro.it\/fondazione\/non-sono-un-murales-segni-di-comunita\/#breadcrumb","itemListElement":[{"@type":"ListItem","position":1,"name":"Home","item":"https:\/\/www.fondazionecrpesaro.it\/fondazione\/"},{"@type":"ListItem","position":2,"name":"NON SONO UN MURALES &#8211; SEGNI DI COMUNIT\u00c0"}]},{"@type":"WebSite","@id":"https:\/\/www.fondazionecrpesaro.it\/fondazione\/#website","url":"https:\/\/www.fondazionecrpesaro.it\/fondazione\/","name":"Fondazione Cassa di Risparmio di Pesaro","description":"","publisher":{"@id":"https:\/\/www.fondazionecrpesaro.it\/fondazione\/#organization"},"potentialAction":[{"@type":"SearchAction","target":{"@type":"EntryPoint","urlTemplate":"https:\/\/www.fondazionecrpesaro.it\/fondazione\/?s={search_term_string}"},"query-input":{"@type":"PropertyValueSpecification","valueRequired":true,"valueName":"search_term_string"}}],"inLanguage":"it-IT"},{"@type":"Organization","@id":"https:\/\/www.fondazionecrpesaro.it\/fondazione\/#organization","name":"Fondazione Cassa di Risparmio di Pesaro","url":"https:\/\/www.fondazionecrpesaro.it\/fondazione\/","logo":{"@type":"ImageObject","inLanguage":"it-IT","@id":"https:\/\/www.fondazionecrpesaro.it\/fondazione\/#\/schema\/logo\/image\/","url":"https:\/\/www.fondazionecrpesaro.it\/fondazione\/wp-content\/uploads\/2021\/09\/logo-FCRP.png","contentUrl":"https:\/\/www.fondazionecrpesaro.it\/fondazione\/wp-content\/uploads\/2021\/09\/logo-FCRP.png","width":852,"height":173,"caption":"Fondazione Cassa di Risparmio di Pesaro"},"image":{"@id":"https:\/\/www.fondazionecrpesaro.it\/fondazione\/#\/schema\/logo\/image\/"}},{"@type":"Person","@id":"https:\/\/www.fondazionecrpesaro.it\/fondazione\/#\/schema\/person\/bb0e75e0fa4ed92ae5318c59b50ac6f3","name":"admin","image":{"@type":"ImageObject","inLanguage":"it-IT","@id":"https:\/\/secure.gravatar.com\/avatar\/0aa07693944b8b7240e25a6b3b713da444dc87bfc6deb6a8ef9fe602b4f83d12?s=96&d=mm&r=g","url":"https:\/\/secure.gravatar.com\/avatar\/0aa07693944b8b7240e25a6b3b713da444dc87bfc6deb6a8ef9fe602b4f83d12?s=96&d=mm&r=g","contentUrl":"https:\/\/secure.gravatar.com\/avatar\/0aa07693944b8b7240e25a6b3b713da444dc87bfc6deb6a8ef9fe602b4f83d12?s=96&d=mm&r=g","caption":"admin"},"url":"https:\/\/www.fondazionecrpesaro.it\/fondazione\/author\/admin\/"}]}},"_links":{"self":[{"href":"https:\/\/www.fondazionecrpesaro.it\/fondazione\/wp-json\/wp\/v2\/posts\/2798","targetHints":{"allow":["GET"]}}],"collection":[{"href":"https:\/\/www.fondazionecrpesaro.it\/fondazione\/wp-json\/wp\/v2\/posts"}],"about":[{"href":"https:\/\/www.fondazionecrpesaro.it\/fondazione\/wp-json\/wp\/v2\/types\/post"}],"author":[{"embeddable":true,"href":"https:\/\/www.fondazionecrpesaro.it\/fondazione\/wp-json\/wp\/v2\/users\/1"}],"replies":[{"embeddable":true,"href":"https:\/\/www.fondazionecrpesaro.it\/fondazione\/wp-json\/wp\/v2\/comments?post=2798"}],"version-history":[{"count":0,"href":"https:\/\/www.fondazionecrpesaro.it\/fondazione\/wp-json\/wp\/v2\/posts\/2798\/revisions"}],"wp:featuredmedia":[{"embeddable":true,"href":"https:\/\/www.fondazionecrpesaro.it\/fondazione\/wp-json\/wp\/v2\/media\/2967"}],"wp:attachment":[{"href":"https:\/\/www.fondazionecrpesaro.it\/fondazione\/wp-json\/wp\/v2\/media?parent=2798"}],"wp:term":[{"taxonomy":"category","embeddable":true,"href":"https:\/\/www.fondazionecrpesaro.it\/fondazione\/wp-json\/wp\/v2\/categories?post=2798"},{"taxonomy":"post_tag","embeddable":true,"href":"https:\/\/www.fondazionecrpesaro.it\/fondazione\/wp-json\/wp\/v2\/tags?post=2798"}],"curies":[{"name":"wp","href":"https:\/\/api.w.org\/{rel}","templated":true}]}}