{"id":134,"date":"2013-09-19T00:00:00","date_gmt":"2013-09-18T22:00:00","guid":{"rendered":"http:\/\/www.fondazionecrpesaro.it\/fondazione\/?p=134"},"modified":"2014-12-01T16:07:42","modified_gmt":"2014-12-01T15:07:42","slug":"statuto2","status":"publish","type":"post","link":"https:\/\/www.fondazionecrpesaro.it\/fondazione\/statuto2\/","title":{"rendered":"Statuto"},"content":{"rendered":"<div><a href=\"https:\/\/www.fondazionecrpesaro.it\/fondazione\/wp-content\/uploads\/2013\/09\/statuto2013.pdf\">Scarica in formato PDF<\/a><\/div>\n<div><span style=\"color: #ffffff;\">A<\/span><\/div>\n<div>Approvato dal Ministero dell&#8217;Economia e delle Finanze &#8211; Dipartimento del Tesoro &#8211; il 19 settembre 2013<\/div>\n<div><strong><br \/><\/strong><\/div>\n<div><strong>TITOLO I &#8211; PRINCIPI GENERALI<\/strong><\/div>\n<div><strong><br \/><\/strong><\/div>\n<div><strong>TITOLO II &#8211; STRUTTURA ORGANIZZATIVA<\/strong><\/div>\n<div><strong><br \/><\/strong><\/div>\n<div><strong>TITOLO III &#8211; DISPOSIZIONI COMUNI<\/strong><\/div>\n<div><strong><br \/><\/strong><\/div>\n<div><strong>TITOLO IV &#8211; BILANCIO, DOCUMENTO PROGRAMMATICO PREVISIONALE, LIBRI E SCRITTURE CONTABILI.<\/strong><\/div>\n<div><strong><br \/><\/strong><\/div>\n<div><strong>TITOLO V &#8211; SCIOGLIMENTO<\/strong><\/div>\n<div style=\"font-weight: bold;\"><strong><br \/><\/strong><\/div>\n<div style=\"font-weight: bold;\"><strong><br \/><\/strong><\/div>\n<p> <strong> TITOLO I \u2013 PRINCIPI GENERALI <\/strong> <\/p>\n<div style=\"text-align: justify;\"><strong><br \/><\/strong><\/div>\n<div style=\"text-align: justify;\"><strong>Articolo 1 \u2013 Denominazione, natura e sede <\/strong><\/div>\n<div style=\"text-align: justify;\">1.\tLa \u201cFondazione Cassa di Risparmio di Pesaro\u201d &#8211; di seguito chiamata Fondazione &#8211; \u00e8 stata istituita con decreto del Ministero del Tesoro 16 giugno 1992 ed \u00e8 la continuazione ideale della Cassa di Risparmio di Pesaro fondata ad iniziativa di benefiche persone private, autorizzata con rescritto del Cardinal Legato Tommaso Riario Sforza del 17 luglio 1840.<\/div>\n<div style=\"text-align: justify;\">2.\tLa Fondazione \u00e8 una persona giuridica privata, senza fine di lucro, dotata di piena autonomia statutaria e gestionale ed \u00e8 sottoposta alla vigilanza prevista dall\u2019art. 10 del decreto legislativo 17 maggio 1999, n. 153. Opera in armonia con la Carta delle Fondazioni adottata dall&#8217;Associazione di Fondazioni e Casse di Risparmio SPA, fatta propria dagli organi della Fondazione.<\/div>\n<div style=\"text-align: justify;\">3.\tLa Fondazione ha la sua sede legale in Pesaro, Palazzo Montani Antaldi, ed ha durata illimitata.<\/div>\n<div><strong><br \/><\/strong><\/div>\n<div><strong>Articolo 2 \u2013 Scopi <\/strong><\/div>\n<div style=\"text-align: justify;\">1. La Fondazione, nella continuit\u00e0 delle finalit\u00e0 originarie e nel rispetto del principio costituzionale di sussidiariet\u00e0, operando in via prevalente nei setori rilevanti ed eventualmente negli altri settori ammessi, scelti dai suoi Organi deliberanti in conformit\u00e0 alle disposizioni di legge e di regolamento vigenti tempo per tempo, persegue scopi di utilit\u00e0 sociale e di promozione delle sviluppo economico del teriirtorio di riferimento, intraprendendone le esigenze e realizzando la propria attivit\u00e0 libera da ingerenze e condizionamenti esterni che ne possono limitare l&#8217;autonomia. Della scelta dei settori rilevanti e delle sue modificazioni \u00e8 data comunicazione all&#8217;Autorit\u00e0 di Vigilanza.<\/div>\n<div style=\"text-align: justify;\">2.\tIl territorio di riferimento della Fondazione \u00e8 costituito prevalentemente dalla Provincia di Pesaro e Urbino ove ha operato storicamente la Cassa di Risparmio di Pesaro.<\/div>\n<div style=\"text-align: justify;\">3.\tLa Fondazione assicura altres\u00ec il rispetto delle disposizioni dell\u2019art. 15 della legge 11 agosto 1991, n. 266.<\/div>\n<div><strong><br \/><\/strong><\/div>\n<div><strong>Articolo 3 \u2013 Modalit\u00e0 e strumenti di perseguimento degli scopi statutari <\/strong><\/div>\n<div style=\"text-align: justify;\">1.\tAl fine di assicurare l\u2019efficiente utilizzazione delle risorse e l\u2019efficacia degli interventi la Fondazione definisce documenti programmatici pluriennali e annuali di intervento nei settori rilevanti e nei settori ammessi. \tPer assicurare inoltre trasparenza alla propria attivit\u00e0, adeguata motivazione alle proprie scelte e la pi\u00f9 ampia tutela possibile agli interessi perseguiti la Fondazione determina, con regolamento approvato dal Consiglio generale, le modalit\u00e0 e i criteri che presiedono allo svolgimento dell\u2019attivit\u00e0 istituzionale con particolare riferimento alla individuazione ed alla selezione dei settori a maggior rilevanza sociale e dei progetti e delle iniziative da realizzare in conformit\u00e0 al Piano programmatico pluriennale.<\/div>\n<div style=\"text-align: justify;\">2.\tLa Fondazione pu\u00f2 coordinare la propria attivit\u00e0 con quella di altri enti aventi analoghe finalit\u00e0 anche attraverso la partecipazione ad istituzioni od organizzazioni nazionali ed internazionali. Essa pu\u00f2 altres\u00ec promuovere l\u2019istituzione di persone giuridiche ai sensi dell\u2019art. 12 del codice civile, nonch\u00e9 la costituzione di societ\u00e0 di diritto privato nel rispetto di quanto previsto dal successivo comma 6.<\/div>\n<div style=\"text-align: justify;\">3.\tLa Fondazione, inoltre, pu\u00f2 compiere, secondo principi di sana e prudente gestione nonch\u00e9 di economicit\u00e0 della stessa, le operazioni finanziarie, commerciali, immobiliari e mobiliari necessarie ed opportune per il perseguimento dei propri fini nei limiti di legge e di statuto.<\/div>\n<div style=\"text-align: justify;\">4.\tLa Fondazione pu\u00f2 indirizzare la propria attivit\u00e0 anche in ambito nazionale ed all\u2019estero, quando specifiche circostanze lo rendano opportuno per il conseguimento delle proprie finalit\u00e0 istituzionali.<\/div>\n<div style=\"text-align: justify;\">5.\tLa Fondazione non pu\u00f2 esercitare funzioni creditizie n\u00e9 effettuare, in qualsiasi forma, erogazioni, sovvenzioni e finanziamenti, diretti o indiretti, ad enti con fini di lucro o in favore di imprese di qualsiasi natura, con eccezione delle imprese strumentali e delle cooperative sociali di cui alla legge 8 novembre 1991, n. 381, e successive modificazioni.<\/div>\n<div style=\"text-align: justify;\">6.\tLa Fondazione pu\u00f2 esercitare, con contabilit\u00e0 separata, imprese la cui attivit\u00e0 sia strumentale ai fini statutari, esclusivamente nei settori rilevanti, scelti a norma dell\u2019art. 19, comma 1, lettera i) del presente statuto, e detenere partecipazioni di controllo di enti e societ\u00e0 che abbiano per oggetto esclusivo l\u2019esercizio di tali imprese. Il controllo sussiste nelle ipotesi previste dall\u2019art. 6 del decreto legislativo 17 maggio 1999, n. 153.<\/div>\n<div style=\"text-align: justify;\">7.\tLa Fondazione pu\u00f2 detenere partecipazioni non di controllo in enti e societ\u00e0 anche diversi da quelli indicati nel comma precedente nel rispetto dei criteri previsti per la migliore gestione del patrimonio.<\/div>\n<div><strong><br \/><\/strong><\/div>\n<div><strong>Articolo 4 \u2013 Composizione del patrimonio<\/strong><\/div>\n<div style=\"text-align: justify;\">1.\tIl patrimonio della Fondazione \u00e8 vincolato al perseguimento degli scopi statutari ed impiegato con modalit\u00e0, definite da apposito regolamento, coerenti con la natura di Ente senza scopo di lucro che opera secondo principi di trasparenza e moralit\u00e0. Esso \u00e8 costituito dal Fondo di dotazione iniziale e dai fondi e riserve presenti e si incrementa per:<\/div>\n<div style=\"text-align: justify;\"><span style=\"white-space: pre;\"> <\/span>a)\taccantonamenti alla riserva obbligatoria stabilita dall\u2019Autorit\u00e0 di vigilanza;<\/div>\n<div style=\"text-align: justify;\"><span style=\"white-space: pre;\"> <\/span>b)\tliberalit\u00e0 a qualsiasi titolo pervenute ed esplicitamente destinate ad accrescimento del patrimonio per volont\u00e0 del donante e del testatore;<\/div>\n<div style=\"text-align: justify;\"><span style=\"white-space: pre;\"> <\/span>c)\triserve o accantonamenti facoltativi, la cui costituzione sia deliberata dal Consiglio generale al fine di meglio assicurare la salvaguardia dell\u2019integrit\u00e0 del<span style=\"white-space: pre;\"> <\/span>patrimonio e la&nbsp;stabilizzazione delle erogazioni. La relativa delibera sar\u00e0 inviata all\u2019Autorit\u00e0 di vigilanza per le valutazioni di competenza.<\/div>\n<div style=\"text-align: justify;\">2.\tLe plusvalenze e le minusvalenze, anche conseguenti a valutazione, relative alla partecipazione nella societ\u00e0 bancaria conferitaria sono imputate a patrimonio nei limiti previsti dall\u2019art. 9, comma 4, del decreto legislativo 17 maggio 1999, n. 153.<\/div>\n<div><strong><br \/><\/strong><\/div>\n<div><strong>Articolo 5 \u2013 Gestione del patrimonio <\/strong><\/div>\n<div style=\"text-align: justify;\">1.\tLa Fondazione opera secondo principi di economicit\u00e0 della gestione e secondo criteri prudenziali di gestione del patrimonio. Fermo l\u2019obiettivo di conservazione del valore del patrimonio, lo impiega in modo da ottenere un\u2019adeguata redditivit\u00e0 anche attraverso la diversificazione degli investimenti assicurando il collegamento funzionale con le sue finalit\u00e0 istituzionali ed in particolare con lo sviluppo del territorio.<\/div>\n<div style=\"text-align: justify;\">2.\tLa Fondazione, sulla base di criteri di scelta rispondenti al proprio esclusivo interesse, pu\u00f2 affidare in tutto o in parte la gestione del proprio patrimonio a soggetti abilitati ai sensi del decreto legislativo 24 febbraio 1998, n. 58.<\/div>\n<div style=\"text-align: justify;\">3.\tQualora la gestione del patrimonio della Fondazione non sia affidata a intermediari esterni, essa dovr\u00e0 essere svolta con modalit\u00e0 organizzative separate da quelle destinate alla gestione delle altre attivit\u00e0 della Fondazione.<\/div>\n<div style=\"text-align: justify;\"><strong><br \/><\/strong><\/div>\n<div style=\"text-align: justify;\"><strong>Articolo 6 \u2013 Destinazione del reddito <\/strong><\/div>\n<div style=\"text-align: justify;\">1.\tLa Fondazione, in conformit\u00e0 a quanto previsto dall\u2019art. 8 del decreto legislativo 17 maggio 1999, n. 153, destina il reddito secondo il seguente ordine:<\/div>\n<div style=\"text-align: justify;\"><span style=\"white-space: pre;\"> <\/span>a)\tspese di funzionamento, nel rispetto di principi di adeguatezza delle spese alla struttura organizzativa ed all\u2019attivit\u00e0 svolta dalla Fondazione;<\/div>\n<div style=\"text-align: justify;\"><span style=\"white-space: pre;\"> <\/span>b)\toneri fiscali;<\/div>\n<div style=\"text-align: justify;\"><span style=\"white-space: pre;\"> <\/span>c)\triserva obbligatoria, nella misura determinata dall\u2019Autorit\u00e0 di vigilanza;<\/div>\n<div style=\"text-align: justify;\"><span style=\"white-space: pre;\"> <\/span>d)\talmeno il cinquanta per cento del reddito residuo o, se maggiore, l\u2019ammontare minimo di reddito stabilito dall\u2019Autorit\u00e0 di vigilanza ai sensi dell\u2019art. 10, comma<span style=\"white-space: pre;\"> <\/span>3,&nbsp;lett.e) del decreto legislativo 17 maggio 1999, n. 153, ai settori rilevanti scelti dal Consiglio generale a norma dell\u2019art. 19, comma 1, lettera i) del presente<span style=\"white-space: pre;\"> <\/span>statuto;<\/div>\n<div style=\"text-align: justify;\"><span style=\"white-space: pre;\"> <\/span>e)\taltre finalit\u00e0 previste dallo statuto, reinvestimento del reddito o accantonamenti e riserve previsti dallo statuto, dall\u2019Autorit\u00e0 di vigilanza o deliberati ai sensi del<span style=\"white-space: pre;\"> <\/span>precedente art. 4, comma 1, lett. c);<\/div>\n<div style=\"text-align: justify;\"><span style=\"white-space: pre;\"> <\/span>f)\taltri settori ammessi scelti dal Consiglio generale a norma dell\u2019art. 19, comma 1, lettera i) del presente statuto;<\/div>\n<div style=\"text-align: justify;\"><span style=\"white-space: pre;\"> <\/span>g)\terogazioni previste da specifiche norme di legge.<\/div>\n<div style=\"text-align: justify;\">2.\tE\u2019 vietata ogni distribuzione o assegnazione sotto qualsiasi forma di utili, patrimonio e di qualsiasi altra utilit\u00e0 economica ai componenti degli organi della Fondazione e ai suoi dipendenti, salva la corresponsione dei compensi per amministratori, sindaci e dipendenti previsti dal presente statuto.<\/div>\n<div><strong><br \/><\/strong><\/div>\n<div><strong>TITOLO II \u2013 STRUTTURA ORGANIZZATIVA <\/strong><\/div>\n<div><strong><br \/><\/strong><\/div>\n<div><strong>Articolo 7 \u2013 Organi della Fondazione <\/strong><\/div>\n<div>1.\tSono organi della Fondazione:<\/div>\n<div><span style=\"white-space: pre;\"> <\/span>a)\tl\u2019Assemblea dei soci;<\/div>\n<div><span style=\"white-space: pre;\"> <\/span>b)\til Consiglio generale;<\/div>\n<div><span style=\"white-space: pre;\"> <\/span>c)\til Consiglio di amministrazione;<\/div>\n<div><span style=\"white-space: pre;\"> <\/span>d)\til Presidente della Fondazione;<\/div>\n<div><span style=\"white-space: pre;\"> <\/span>e)\til Collegio sindacale;<\/div>\n<div><span style=\"white-space: pre;\"> <\/span>f)\til Segretario generale.<\/div>\n<div><strong><br \/><\/strong><\/div>\n<div><strong>Articolo 8 \u2013 Assemblea dei soci: composizione e nomina <\/strong><\/div>\n<div style=\"text-align: justify;\">1.\tI soci costituiscono la continuit\u00e0 storica della Fondazione con l\u2019Ente originario e devono avere, di norma, residenza, sede o domicilio nel territorio nel quale la Fondazione persegue i propri fini istituzionali.<\/div>\n<div style=\"text-align: justify;\">2.\tIl numero massimo dei soci \u00e8 di 170, di cui 133 nominati dall\u2019Assemblea a norma dell\u2019art. 9 e 37 nominati dal Comitato dei probiviri sulla base delle designazioni previste dall\u2019art. 10.<\/div>\n<div style=\"text-align: justify;\">3.\tI soci devono essere scelti tra le persone pi\u00f9 rappresentative nei settori cui si rivolgono le finalit\u00e0 istituzionali della Fondazione ed essere in possesso dei requisiti di onorabilit\u00e0 di cui all\u2019art. 30 del presente statuto.<\/div>\n<div style=\"text-align: justify;\">4.\tLa qualit\u00e0 di socio permane per dieci anni dalla data di nomina e pu\u00f2 essere rinnovata per una sola volta.<\/div>\n<div style=\"text-align: justify;\">5.\tI soci non hanno diritti, n\u00e9 sul patrimonio, n\u00e9 sulle rendite della Fondazione.<\/div>\n<div style=\"text-align: justify;\">6.\tNon possono essere nominati soci:<\/div>\n<div style=\"text-align: justify;\">a)\tcoloro contro i quali pendano atti esecutivi per inadempienza alle loro obbligazioni verso la Fondazione o che ad essa abbiano cagionato danni;<\/div>\n<div style=\"text-align: justify;\">b)\ti dipendenti della Fondazione o delle societ\u00e0 da questa direttamente partecipate.<\/div>\n<div style=\"text-align: justify;\">7.\tDecadono dalla qualit\u00e0 di socio:<\/div>\n<div style=\"text-align: justify;\">a)\tcoloro che, in qualsiasi momento, perdano i requisiti previsti dallo statuto;<\/div>\n<div style=\"text-align: justify;\">b)\tcoloro che vengano a trovarsi nelle condizioni previste dalle lettere a) e b) del comma precedente;<\/div>\n<div style=\"text-align: justify;\">c)\tcoloro che senza giustificato motivo non siano intervenuti o non si siano fatti rappresentare alle Assemblee in tre adunanze consecutive. L\u2019indicazione del motivo deve pervenire per iscritto alla Fondazione prima dell\u2019inizio dei lavori dell\u2019Assemblea.<\/div>\n<div style=\"text-align: justify;\">8.\tLa decadenza della qualit\u00e0 di socio \u00e8 pronunciata dal Comitato dei probiviri.<\/div>\n<div style=\"text-align: justify;\">9.\tLa qualit\u00e0 di socio si perde per dimissioni, che avranno effetto dalla data di ricevimento della relativa comunicazione scritta, e non \u00e8 trasmissibile a qualsiasi titolo.<\/div>\n<div style=\"text-align: justify;\">10.\tNon sono rieleggibili i soci decaduti o dimissionari nel triennio successivo alla data di dimissione o alla pronuncia di decadenza.<\/div>\n<div style=\"text-align: justify;\">11.\tLa qualit\u00e0 di socio rimane sospesa, per tutta la durata della carica, per i soci che vengono nominati componenti del Consiglio generale, o del Consiglio di amministrazione o del Collegio sindacale o Segretario generale della Fondazione. Il periodo di sospensione non viene computato ai fini della durata della qualit\u00e0 di socio. 12.\tIn deroga a quanto stabilito dal comma 4, i soci gi\u00e0 in carica al 31\/12\/1990 conservano la qualit\u00e0 di socio anche oltre il termine di 10 anni dalla nomina, salvo il verificarsi delle cause di decadenza di cui al comma 7.<\/div>\n<div><strong><br \/><\/strong><\/div>\n<div style=\"text-align: justify;\"><strong>Articolo 9 \u2013 Soci di nomina assembleare<\/strong><\/div>\n<div style=\"text-align: justify;\">1.\tLa qualit\u00e0 di socio di nomina assembleare si acquista su proposta di ammissione di almeno quindici soci.<\/div>\n<div style=\"text-align: justify;\">2.\tLa proposta di ammissione deve pervenire al Presidente della Fondazione entro il termine fissato in sede di convocazione dell\u2019Assemblea.<\/div>\n<div style=\"text-align: justify;\">3.\tLa qualit\u00e0 di socio si acquista, previa verifica dei requisiti richiesti da parte del Comitato dei probiviri, con il voto favorevole di due terzi dei votanti in Assemblea, purch\u00e9 i votanti rappresentino almeno il 40% dei soci; nel computo dei votanti non si tiene conto degli astenuti.<\/div>\n<div><strong><br \/><\/strong><\/div>\n<div><strong>Articolo 10 \u2013 Soci designati da Enti, Istituzioni e Organismi <\/strong><\/div>\n<div>1.\tTrentasette soci devono essere designati da Enti locali e\/o territoriali, Enti ed organismi economico\/professionali e da Istituzioni culturali, come di seguito indicato:<\/div>\n<div>a)\tn. 11 soci dai seguenti Enti locali e\/o territoriali:<\/div>\n<div>&#8211; Comune di Pesaro\t\t\t\t\t\t\t1 socio<\/div>\n<div>&#8211; Comune di Urbino\t\t\t\t\t\t\t1 socio<\/div>\n<div>&#8211; Comune di Urbania\t\t\t\t\t\t\t1 socio<\/div>\n<div>&#8211; Comune di Pergola\t\t\t\t\t\t\t1 socio<\/div>\n<div>&#8211; Comune di Cagli\t\t\t\t\t\t\t1 socio<\/div>\n<div>&#8211; Comune di Fossombrone\t\t\t\t\t\t\t1 socio<\/div>\n<div>&#8211; Comune di Fermignano\t\t\t\t\t\t\t1 socio<\/div>\n<div>&#8211; Comune di Sant\u2019Angelo in Lizzola\t\t\t\t\t\t\t1 socio<\/div>\n<div>&#8211; Comune di Sant\u2019Angelo in Vado\t\t\t\t\t\t\t1 socio<\/div>\n<div>&#8211; Comune di Carpegna\t\t\t\t\t\t\t1 socio<\/div>\n<div>&#8211; Provincia di Pesaro e Urbino\t\t\t\t\t\t\t1 socio<\/div>\n<div>b)\tn. 14 soci dai seguenti Enti ed organismi economico\/professionali:<\/div>\n<div>&#8211; Camera di Commercio, Industria, Artigianato ed Agricoltura di Pesaro e Urbino\t2 soci<\/div>\n<div>&#8211; Associazione degli Industriali della Provincia di Pesaro e Urbino\t\t\t1 socio<\/div>\n<div>&#8211; Confcommercio, Associazione del Commercio, del Turismo e dei Servizi della    Provincia di Pesaro e Urbino\t\t\t\t\t\t\t\t1 socio<\/div>\n<div>&#8211; Confederazione Italiana Esercenti Attivit\u00e0 Commerciali, Ausiliarie e del Turismo    della Provincia di Pesaro e Urbino\t\t\t\t\t\t\t1 socio<\/div>\n<div>&#8211; Confartigianato, Associazione degli Artigiani della Provincia di Pesaro e Urbino\t1 socio<\/div>\n<div>&#8211; CNA, Confederazione Nazionale Artigianato di Pesaro e Urbino\t\t\t1 socio<\/div>\n<div>&#8211; Federazione Provinciale Coltivatori Diretti di Pesaro e Urbino\t\t\t\t1 socio<\/div>\n<div>&#8211; Unione Provinciale Agricoltori di Pesaro e Urbino\t\t\t\t\t1 socio<\/div>\n<div>&#8211; Ordine dei Dottori Commercialisti e degli Esperti Contabili di Pesaro e Urbino\t\t1 socio<\/div>\n<div>&#8211; Ordine Provinciale dei Medici Chirurghi e degli Odontoiatri di Pesaro e Urbino\t\t1 socio<\/div>\n<div>&#8211; Ordine degli Avvocati del Circondario di Pesaro\t\t\t\t\t1 socio<\/div>\n<div>&#8211; Ordine degli Avvocati del Circondario di Urbino\t\t\t\t\t1 socio<\/div>\n<div>&#8211; Consiglio Notarile dei Distretti Riuniti di Pesaro e Urbino\t\t\t\t1 socio<\/div>\n<div>c)\tn. 12 soci dalle seguenti Istituzioni culturali:<\/div>\n<div>&#8211; Universit\u00e0 degli Studi di Urbino \u201cCarlo Bo\u201d\t\t\t\t\t\t3 soci<\/div>\n<div>&#8211; Fondazione Rossini Opera Festival Pesaro\t\t\t\t\t\t1 socio<\/div>\n<div>&#8211; Ente Olivieri Pesaro\t\t\t\t\t\t\t1 socio<\/div>\n<div>&#8211; Fondazione Rossini Pesaro\t\t\t\t\t\t\t1 socio<\/div>\n<div>&#8211; Conservatorio Statale di Musica \u201cG. Rossini\u201d\t\t\t\t\t\t1 socio<\/div>\n<div>&#8211; Accademia Agraria in Pesaro\t\t\t\t\t\t\t1 socio<\/div>\n<div>&#8211; Accademia Raffaello in Urbino\t\t\t\t\t\t\t1 socio<\/div>\n<div>&#8211; Accademia di Belle Arti di Urbino\t\t\t\t\t\t\t1 socio<\/div>\n<div>&#8211; ISIA, Istituto Superiore di Industrie Artistiche di Urbino\t\t\t\t\t1 socio<\/div>\n<div>&#8211; Istituto Adriano Olivetti di Studi per la Gestione dell&#8217;Economia e delle Aziende Ancona\t1 socio<\/div>\n<div><strong><br \/><\/strong><\/div>\n<div style=\"text-align: justify;\"><strong>Articolo 11 \u2013 Procedura di nomina dei soci designati da Enti, Istituzioni e Organismi <\/strong><\/div>\n<div style=\"text-align: justify;\">1.\tLe designazioni, di cui al precedente articolo 10, corredate dall\u2019indicazione dei requisiti posseduti e dalla documentazione richiesta, devono pervenire al Comitato dei probiviri.<\/div>\n<div style=\"text-align: justify;\">2.\tIl Comitato accerta il possesso dei requisiti richiesti dall\u2019art. 8 e procede alla nomina.<\/div>\n<div style=\"text-align: justify;\">3.\tI posti per i quali sia stato rivolto l\u2019invito di designazione rimasti scoperti per qualsiasi motivo, restano riservati ai soggetti destinatari di detto invito, e la mancata copertura non impedisce il funzionamento dell\u2019Assemblea.<\/div>\n<div style=\"text-align: justify;\">4.\tQualora il socio nominato, ai sensi del presente articolo, venga a cessare per qualsiasi motivo, l\u2019Ente, l\u2019Istituzione o l\u2019Organismo di designazione provveder\u00e0 alla nuova designazione su richiesta del Comitato dei probiviri. Il nuovo nominato rester\u00e0 in carica quanto lo sarebbe rimasto il socio sostituito.<\/div>\n<div><strong><br \/><\/strong><\/div>\n<div><strong>Articolo 12 \u2013 Competenze dell\u2019Assemblea <\/strong><\/div>\n<div style=\"text-align: justify;\">1.\tL\u2019Assemblea dei soci delibera:<\/div>\n<div style=\"text-align: justify;\">&#8211;\tsulle norme che regolano il proprio funzionamento;<\/div>\n<div style=\"text-align: justify;\">&#8211;\tsulla nomina dei soci di sua competenza;<\/div>\n<div style=\"text-align: justify;\">&#8211;\tsulla designazione dei componenti del Consiglio generale di sua competenza;<\/div>\n<div style=\"text-align: justify;\">&#8211;\tsulla nomina dei componenti del Comitato dei probiviri;<\/div>\n<div style=\"text-align: justify;\">&#8211;\tsugli oggetti sottoposti al suo esame dal Consiglio generale, dal Presidente della Fondazione, dal Comitato dei probiviri o da almeno un terzo dei soci.<\/div>\n<div style=\"text-align: justify;\">2\tL\u2019Assemblea inoltre \u00e8 chiamata ad esprimere il proprio parere motivato sulle proposte relative ai programmi, alle trasformazioni e fusioni ed alle modifiche statutarie della Fondazione, sulle quali il Consiglio generale \u00e8 tenuto a deliberare. Il parere, la cui richiesta \u00e8 obbligatoria, non \u00e8 vincolante e deve essere reso entro 30 giorni dalla richiesta, trascorsi i quali il Consiglio generale pu\u00f2 deliberare liberamente.<\/div>\n<div style=\"text-align: justify;\">3\tL\u2019Assemblea fornisce indicazioni sulla devoluzione del patrimonio in caso di scioglimento della Fondazione, nel rispetto dell\u2019art. 11, comma 7, del decreto legislativo 17 maggio 1999, n. 153.<\/div>\n<div><strong><br \/><\/strong><\/div>\n<div><strong>Articolo 13 \u2013 Adunanze dell\u2019Assemblea<\/strong><\/div>\n<div style=\"text-align: justify;\">1.&nbsp;L\u2019Assemblea dei soci deve essere convocata, in tempo utile per lo svolgimento degli adempimenti ad essa riservati, ad iniziativa del Presidente della Fondazione quando lo ritenga necessario o gliene facciano richiesta motivata almeno un quarto dei Soci o il Comitato dei probiviri.<\/div>\n<div style=\"text-align: justify;\">2.\tL\u2019Assemblea \u00e8 convocata mediante invio al domicilio dei soci, almeno sette giorni prima della data fissata, di un avviso a mezzo lettera raccomandata, contenente l\u2019elenco degli argomenti da trattare e l\u2019indicazione del giorno, dell\u2019ora e del luogo della riunione in prima e seconda convocazione. La seconda convocazione deve avvenire a distanza di almeno ventiquattro ore dopo la prima.<\/div>\n<div style=\"text-align: justify;\">3.\tL\u2019Assemblea dei soci \u00e8 validamente costituita quando sia presente o rappresentato, in prima convocazione, un numero di soci pari almeno alla met\u00e0 pi\u00f9 uno dei medesimi e, in seconda convocazione, almeno un decimo di essi.<\/div>\n<div style=\"text-align: justify;\">4.\tOgni socio pu\u00f2 farsi rappresentare da altro socio mediante delega scritta. Nessun socio pu\u00f2 essere portatore di pi\u00f9 di due deleghe.<\/div>\n<div style=\"text-align: justify;\">5.\tAlle adunanze dell\u2019Assemblea dei soci sono invitati i componenti del Consiglio generale, del Consiglio di amministrazione e del Collegio sindacale.<\/div>\n<div style=\"text-align: justify;\">6.\tAlle adunanze dell\u2019Assemblea interviene il Segretario generale della Fondazione con il compito di redigere il verbale e di sottoscriverlo unitamente al Presidente dell\u2019Assemblea; in caso di sua assenza o impedimento le funzioni sono svolte da un socio nominato dal Presidente dell\u2019Assemblea.<\/div>\n<div><strong><br \/><\/strong><\/div>\n<div><strong>Articolo 14 \u2013 Presidenza e deliberazioni <\/strong><\/div>\n<div style=\"text-align: justify;\">1.\tL\u2019Assemblea dei soci \u00e8 presieduta, senza diritto di voto, dal Presidente della Fondazione ovvero, in caso di sua assenza o impedimento, da chi lo sostituisce a norma di statuto.<\/div>\n<div style=\"text-align: justify;\">2.\tL\u2019Assemblea dei soci delibera a maggioranza assoluta dei votanti. Nel computo dei votanti non si tiene conto degli astenuti.<\/div>\n<div style=\"text-align: justify;\">3.\tNella designazione alle cariche sociali risulteranno eletti coloro che avranno conseguito il voto favorevole dei due terzi dei votanti in Assemblea, purch\u00e9 i votanti rappresentino almeno il 40% dei soci.<\/div>\n<div style=\"text-align: justify;\">4.\tLe votazioni che abbiano ad oggetto persone si svolgono a scrutinio segreto, salvo che l\u2019Assemblea, all\u2019unanimit\u00e0, stabilisca altra forma di votazione.<\/div>\n<div><strong><br \/><\/strong><\/div>\n<div style=\"text-align: justify;\"><strong>Articolo 15 \u2013 Comitato dei probiviri<\/strong><\/div>\n<div style=\"text-align: justify;\">1.\tL\u2019Assemblea nomina un Comitato dei probiviri costituito da cinque soci.<\/div>\n<div style=\"text-align: justify;\">2.\tI probiviri durano in carica tre anni, sono rieleggibili e prestano il proprio ufficio senza percepire compensi.<\/div>\n<div style=\"text-align: justify;\">3.\tLa carica di proboviro \u00e8 incompatibile con ogni altra carica ricoperta nell\u2019Ente.<\/div>\n<div style=\"text-align: justify;\">4.\tIl Comitato elegge, nel suo seno, il Presidente, il quale provvede alla convocazione del Comitato stesso e ne dirige i lavori.<\/div>\n<div style=\"text-align: justify;\">5.\tIl Comitato dei probiviri:<\/div>\n<div style=\"text-align: justify;\">a)\taccerta i requisiti per la nomina a socio e, per quelli designati ai sensi dell\u2019art. 10, procede alla relativa nomina;<\/div>\n<div style=\"text-align: justify;\">b)\tpronuncia la decadenza dalla qualit\u00e0 di socio;<\/div>\n<div style=\"text-align: justify;\">c)\trichiede le designazioni di cui all\u2019art. 10, qualora il socio nominato ai sensi dello stesso articolo venga a cessare per qualsiasi motivo;<\/div>\n<div style=\"text-align: justify;\">d)\tdelibera su eventuali controversie fra soci in ordine all\u2019interpretazione e all\u2019applicazione del presente statuto.<\/div>\n<div><strong><br \/><\/strong><\/div>\n<div style=\"text-align: justify;\"><strong>Articolo 16 \u2013 Consiglio generale: composizione e procedure di nomina <\/strong><\/div>\n<div style=\"text-align: justify;\">1.\tIl Consiglio generale, organo di indirizzo della Fondazione, \u00e8 composto da trenta consiglieri designati come segue:<\/div>\n<div style=\"text-align: justify;\">a)\t1 dal Comune di Pesaro;<\/div>\n<div style=\"text-align: justify;\">b)\t1 dal Comune di Urbino;<\/div>\n<div style=\"text-align: justify;\">c)\t1 dalla Provincia di Pesaro e Urbino;<\/div>\n<div style=\"text-align: justify;\">d)\t2 a rotazione dai Comuni di Urbania, Pergola, Cagli, Fossombrone, Fermignano, Sant\u2019Angelo in Lizzola, Sant\u2019Angelo in Vado, Carpegna;<\/div>\n<div style=\"text-align: justify;\">e)\t2 dalla Camera di Commercio, Industria, Artigianato, Agricoltura di Pesaro e Urbino;<\/div>\n<div style=\"text-align: justify;\">f)\t2 dal Prefetto di Pesaro e Urbino secondo il dettato dell\u2019art. 17, comma 2;<\/div>\n<div style=\"text-align: justify;\">g)\t1 dalla Diocesi di Pesaro;<\/div>\n<div style=\"text-align: justify;\">h)\t2 dalla Universit\u00e0 degli Studi di Urbino \u201cCarlo Bo\u201d;<\/div>\n<div style=\"text-align: justify;\">i)\t1 dalla Fondazione Rossini Opera Festival Pesaro;<\/div>\n<div style=\"text-align: justify;\">l)\t1 dall\u2019Ente Olivieri;<\/div>\n<div style=\"text-align: justify;\">m)\t1 dall\u2019Accademia Raffaello in Urbino;<\/div>\n<div style=\"text-align: justify;\">n)\t15 dall\u2019Assemblea dei soci.<\/div>\n<div style=\"text-align: justify;\">2. Nella designazione e nella nomina dei componenti il Consiglio generale, la Fondazione adotta modalit\u00e0 ispirate a criteri oggettivi e trasparenti, improntati alla valorizzazione dei principi di onorabilit\u00e0 e professionalit\u00e0, idonei ad assicurare un assetto dell&#8217;organo adeguato alle finalit\u00e0 perseguite.&nbsp;<\/div>\n<div style=\"text-align: justify;\">3.\tIl Presidente della Fondazione, almeno centoventi giorni prima della scadenza del mandato del Consiglio generale, ovvero tempestivamente nel caso di cessazione per causa diversa dalla scadenza del mandato, invita i soggetti competenti a provvedere alle designazioni entro sessanta giorni dal ricevimento della richiesta nel rispetto di quanto previsto dal presente statutoe dal regolamento per la nomina dei componenti gli organi statutari. Qualora nel suddetto termine una o pi\u00f9 designazioni non vengano effettuate, o non sia prodotta la documentazione a corredo, il Presidente della Fondazione invita nuovamente i soggetti inadempienti a provvedere entro i successivi trenta giorni. Trascorso inutilmente tale termine la designazione \u00e8 effettuata dal Consiglio generale per cooptazione a favore di personalit\u00e0 di chiara e indiscussa fama espressive comunque delle realt\u00e0 locali.<\/div>\n<div style=\"text-align: justify;\">3.\tIl Consiglio generale in carica al momento delle designazioni verifica sotto la propria responsabilit\u00e0 la regolarit\u00e0 delle designazioni stesse, l\u2019esistenza dei requisiti, l\u2019assenza di cause d\u2019incompatibilit\u00e0 e di conflitti d\u2019interesse permanenti e procede alla nomina entro quindici giorni dal ricevimento delle designazioni. In caso di mancanza o d\u2019impossibilit\u00e0 di funzionamento del Consiglio generale provvede il Collegio sindacale.<\/div>\n<div style=\"text-align: justify;\">5.\tSuccessivamente alla nomina, il Presidente ne d\u00e0 comunicazione agli interessati affinch\u00e9 questi comunichino la propria accettazione entro quindici giorni dal ricevimento della relativa comunicazione.<\/div>\n<div style=\"text-align: justify;\">6.\tIn ogni caso il Consiglio generale pu\u00f2 operare pienamente nelle proprie funzioni quando siano stati nominati almeno venti componenti su trenta, purch\u00e9 si sia provveduto alla nomina di tutti i soggetti la cui designazione sia stata regolarmente comunicata alla Fondazione entro il termine massimo previsto.<\/div>\n<div><strong><br \/><\/strong><\/div>\n<div><strong>Articolo 17 \u2013 Consiglio generale: requisiti dei componenti <\/strong><\/div>\n<div style=\"text-align: justify;\">1.\tI componenti del Consiglio generale devono essere scelti fra persone che, per il possesso di comprovati requisiti di specifica professionalit\u00e0 o qualificata esperienza maturata per almeno tre anni nell\u2019ambito di attivit\u00e0 imprenditoriali, accademiche, professionali, direzionali o gestionali, in almeno uno dei settori di intervento della Fondazione o in ambiti o iniziative strumentali agli stessi, possano efficacemente contribuire al perseguimento dei fini istituzionali.<\/div>\n<div style=\"text-align: justify;\">2.\tI componenti designati ai sensi dell\u2019art. 16, comma 1, lettera f), dovranno essere scelti fra persone che abbiano maturato una particolare esperienza nell\u2019ambito delle attivit\u00e0 di volontariato e delle imprese sociali.<\/div>\n<div style=\"text-align: justify;\">3. I Componenti del Consiglio generale agiscono in piena autonomia e indipendenza, non rappresentano i soggetti che li hanno designati, n\u00e9 agisconosotto vincolo di mandato.<\/div>\n<div><strong><br \/><\/strong><\/div>\n<div><strong>Articolo 18 \u2013 Consiglio generale: durata <\/strong><\/div>\n<div style=\"text-align: justify;\">1.\tI componenti del Consiglio generale restano in carica cinque anni e possono essere riconfermati per una sola volta.<\/div>\n<div style=\"text-align: justify;\">2.\tNell\u2019ipotesi in cui, per qualsiasi causa, un componente del Consiglio generale cessi dalla carica prima del termine di durata del mandato, il Presidente provocher\u00e0 la designazione del sostituto del componente cessato da parte dell\u2019Ente o dell\u2019Organismo che lo aveva designato. Il nuovo componente rimarr\u00e0 in carica per il periodo in cui lo sarebbe stato quello sostituito.<\/div>\n<div><strong><br \/><\/strong><\/div>\n<div style=\"text-align: justify;\"><strong>Articolo 19 \u2013 Consiglio generale: competenze <\/strong><\/div>\n<div style=\"text-align: justify;\">1.   Il Consiglio generale:<\/div>\n<div style=\"text-align: justify;\">a)\tprovvede alla nomina dei suoi componenti ai sensi dell\u2019art. 16, comma 3;<\/div>\n<div style=\"text-align: justify;\">b)\tnomina, anche al di fuori dei propri componenti, il Presidente della Fondazione. Nel caso in cui il Presidente venga scelto all\u2019interno del Consiglio generale, l\u2019organo stesso verr\u00e0 reintegrato del componente mancante;<\/div>\n<div style=\"text-align: justify;\">c)\tnomina i membri del Consiglio di amministrazione e del Collegio sindacale anche al di fuori dei propri componenti;<\/div>\n<div style=\"text-align: justify;\">d)\tpu\u00f2 revocare il Presidente, i componenti del Consiglio di amministrazione e, per giusta causa, i componenti del Collegio sindacale;<\/div>\n<div style=\"text-align: justify;\">e)\tdelibera eventuali azioni di responsabilit\u00e0 nei confronti del Presidente, del Vice Presidente, dei componenti del Consiglio di amministrazione e del Collegio sindacale;<\/div>\n<div style=\"text-align: justify;\">f)\tapprova, su proposta del Consiglio di amministrazione, il bilancio d\u2019esercizio;<\/div>\n<div style=\"text-align: justify;\">g)\tdelibera le modificazioni dello statuto, la trasformazione della Fondazione, la fusione della stessa con altri enti, nonch\u00e9 il suo scioglimento in applicazione di quanto stabilito dall\u2019art. 11 del decreto legislativo 17 maggio 1999, n. 153;<\/div>\n<div style=\"text-align: justify;\">h)\tapprova, su proposta del Consiglio di amministrazione, il regolamento dell&#8217;attivit\u00e0 istituzionale, il regolamento per la gestione del patrimonio, il regolamento per la nomina dei componenti gli organi statutari, nonch\u00e8 gli altri eventuali regolementi interni;<\/div>\n<div style=\"text-align: justify;\">i)\tdetermina, ogni tre anni, con sua motivata deliberazione, in rapporto ai bisogni del territorio di riferimento, i settori rilevanti ed eventualmente altri settori d\u2019intervento, da scegliere fra i settori ammessi di cui all\u2019articolo 1, comma 1, lettera c bis) del decreto legislativo 17 maggio 1999 n. 153;<\/div>\n<div style=\"text-align: justify;\">j)\tapprova, su proposta del Consiglio di amministrazione, il Piano programmatico pluriennale e il Documento programmatico previsionale, indicando altres\u00ec le priorit\u00e0 e gli strumenti di intervento, e verifica la loro puntuale attuazione da parte del Consiglio di amministrazione;<\/div>\n<div style=\"text-align: justify;\">k)\tdefinisce le linee generali della gestione patrimoniale e della politica degli investimenti;<\/div>\n<div style=\"text-align: justify;\">l)\tistituisce, su proposta del Consiglio di amministrazione, le imprese strumentali di cui all\u2019art. 3, comma 6;<\/div>\n<div style=\"text-align: justify;\">m)\tdelibera, nel rispetto dei limiti della normativa vigente, l\u2019eventuale accollo alla Fondazione delle sanzioni amministrative tributarie a carico dei componenti degli organi della Fondazione stessa. Per i propri componenti tale deliberazione deve essere assunta sentito il Collegio sindacale;<\/div>\n<div style=\"text-align: justify;\">n)\tdetermina i compensi e le medaglie di presenza del Presidente della Fondazione, del Vice Presidente del Consiglio di amministrazione e dei componenti di quest\u2019ultimo nonch\u00e9 del Collegio sindacale;<\/div>\n<div style=\"text-align: justify;\">o)\tdetermina altres\u00ec, con il parere del Collegio sindacale, le medaglie di presenza per i propri componenti;<\/div>\n<div style=\"text-align: justify;\">p)\tdelibera l\u2019acquisizione e la dismissione delle partecipazioni di controllo nelle imprese strumentali di cui all\u2019articolo 3, comma 6, dello statuto;<\/div>\n<div style=\"text-align: justify;\">q)\tpu\u00f2 nominare \u201cGruppi di Lavoro\u201d per uno o pi\u00f9 settori di intervento, formati da componenti del Consiglio generale, eventualmente integrati da soggetti esperti e competenti nei settori ammessi, ai quali possono essere corrisposte esclusivamente medaglie di presenza nell\u2019ammontare stabilito dal Consiglio generale stesso. In ogni caso non potr\u00e0 essere corrisposta pi\u00f9 di una medaglia di presenza nella stessa giornata non cumulabile con quella dovuta per la partecipazione al Consiglio generale nella medesima giornata.<\/div>\n<div><strong><br \/><\/strong><\/div>\n<div style=\"text-align: justify;\"><strong>Articolo 20 \u2013 Consiglio generale: riunioni e deliberazioni <\/strong><\/div>\n<div style=\"text-align: justify;\">1.\tIl Consiglio generale si riunisce su convocazione del Presidente della Fondazione di norma con cadenza bimestrale e comunque ogni qualvolta quest\u2019ultimo lo ritenga necessario, o gliene facciano richiesta per iscritto almeno cinque componenti, oppure il Collegio sindacale.<\/div>\n<div style=\"text-align: justify;\">2.\tGli avvisi di convocazione, con l\u2019indicazione degli argomenti all\u2019ordine del giorno, devono essere spediti, per mezzo di lettera raccomandata o altri mezzi idonei, purch\u00e9 risulti prova dell\u2019avvenuta comunicazione, almeno cinque giorni prima di quello fissato per la riunione, al domicilio dei singoli componenti del Consiglio generale e del Collegio sindacale; in caso di urgenza la convocazione pu\u00f2 essere inviata con un preavviso di almeno ventiquattro ore.<\/div>\n<div style=\"text-align: justify;\">3.\tPer la validit\u00e0 delle deliberazioni \u00e8 necessaria la presenza di almeno la met\u00e0 pi\u00f9 uno dei componenti in carica.<\/div>\n<div style=\"text-align: justify;\">4.\tLe deliberazioni sono prese a maggioranza assoluta di voti dei consiglieri presenti; in caso di parit\u00e0 prevale la deliberazione che ha conseguito il voto favorevole del consigliere anziano. Per le delibere riguardanti la nomina del Presidente, dei componenti del Consiglio di amministrazione, l\u2019approvazione del Regolamento previsto dall\u2019art. 3 comma 1, \u00e8 necessario il voto favorevole della maggioranza dei componenti in carica.<\/div>\n<div style=\"text-align: justify;\">5.\tPer le delibere aventi per oggetto le modifiche statutarie, la trasformazione, lo scioglimento e la fusione della Fondazione \u00e8 necessario il voto favorevole di due terzi dei componenti in carica.<\/div>\n<div style=\"text-align: justify;\">6.\tLe deliberazioni riguardanti persone si svolgono a scrutinio segreto salvo che il Consiglio generale, all\u2019unanimit\u00e0, stabilisca altra forma di votazione.<\/div>\n<div style=\"text-align: justify;\">7.\tLe riunioni sono presiedute dal Presidente o, in caso di sua assenza o impedimento, dal Vice Presidente della Fondazione. In caso di assenza o impedimento di quest\u2019ultimo dal consigliere di amministrazione pi\u00f9 anziano per carica ed et\u00e0.<\/div>\n<div style=\"text-align: justify;\">8.\tSi intende consigliere anziano, ai fini del precedente comma 4, colui che fa parte da maggior tempo e ininterrottamente del Consiglio generale e, in caso di nomina contemporanea, il pi\u00f9 anziano di et\u00e0.<\/div>\n<div style=\"text-align: justify;\">9.\tPossono partecipare alle riunioni del Consiglio generale, senza diritto di voto, i componenti del Consiglio di amministrazione e del Collegio sindacale.<\/div>\n<div style=\"text-align: justify;\">10.\tLe funzioni di segretario del Consiglio generale sono svolte dal Segretario generale della Fondazione.<\/div>\n<div style=\"text-align: justify;\">11.\tI verbali delle sedute del Consiglio generale sono redatti dal segretario e sono firmati da chi ha presieduto e dal segretario stesso.<\/div>\n<div style=\"text-align: justify;\">12.\tI verbali e gli estratti dei medesimi fanno prova delle riunioni e delle deliberazioni del Consiglio: gli estratti devono essere sottoscritti  dal Presidente per autenticazione.<\/div>\n<div><strong><br \/><\/strong><\/div>\n<div style=\"text-align: justify;\"><strong>Articolo 21 \u2013 Consiglio di amministrazione: composizione, requisiti e durata <\/strong><\/div>\n<div style=\"text-align: justify;\">1.\tIl Consiglio di amministrazione \u00e8 composto da un numero di consiglieri di amministrazione non inferiore a 6 e non superiore a 8, nominati dal Consiglio generale, e dal Presidente della Fondazione. Il Consiglio nomina nel proprio seno il Vice Presidente della Fondazione.<\/div>\n<div style=\"text-align: justify;\">2.\tI Consiglieri di amministrazione durano in carica quattro anni e possono essere riconfermati per una sola volta. I Consiglieri di amministrazione, scelti sulla base di criteri di comparazione,  debbono essere in possesso di una comprovata esperienza di amministrazione e\/o direzione acquisita presso organizzazioni pubbliche o private, nella gestione di risorse economico-finanziarie o nell\u2019esercizio di attivit\u00e0 professionali o di insegnamento e ricerca, adeguata ai compiti da svolgere ed ai settori di intervento.<\/div>\n<div style=\"text-align: justify;\">3.\tNell\u2019ipotesi in cui, per qualsiasi causa, un consigliere di amministrazione cessi dal proprio incarico prima della scadenza del termine di durata del mandato, il Presidente della Fondazione convoca senza indugio il Consiglio generale per la sua sostituzione.<\/div>\n<div style=\"text-align: justify;\">4.\tI consiglieri nominati dal Consiglio generale in sostituzione di quelli cessati rimangono in carica per il periodo in cui lo sarebbero stati i consiglieri sostituiti.<\/div>\n<div><strong><br \/><\/strong><\/div>\n<div style=\"text-align: justify;\"><strong>Articolo 22 \u2013 Consiglio di amministrazione: riunioni e deliberazioni <\/strong><\/div>\n<div style=\"text-align: justify;\">1.\tIl Consiglio di amministrazione si riunisce su convocazione del Presidente di norma con cadenza mensile e comunque,ogni qualvolta quest\u2019ultimo lo ritenga necessario, o gliene facciano richiesta per iscritto almeno due componenti, oppure il Collegio Sindacale.<\/div>\n<div style=\"text-align: justify;\">2.\tGli avvisi di convocazione, con l\u2019indicazione degli argomenti all\u2019ordine del giorno, devono essere spediti, per mezzo di lettera raccomandata o altri mezzi idonei, purch\u00e9 risulti prova dell\u2019avvenuta comunicazione, almeno tre giorni prima di quello fissato per la riunione, al domicilio dei singoli componenti del Consiglio di amministrazione e del Collegio sindacale; in caso di urgenza la convocazione pu\u00f2 essere inviata con un preavviso di almeno ventiquattro ore.<\/div>\n<div style=\"text-align: justify;\">3.\tPer la validit\u00e0 delle riunioni del Consiglio di amministrazione \u00e8 richiesta la presenza della maggioranza dei componenti in carica.<\/div>\n<div style=\"text-align: justify;\">4.\tPer la validit\u00e0 delle deliberazioni, salvo diversa previsione del presente statuto, \u00e8 richiesta la maggioranza assoluta dei voti dei presenti. In caso di parit\u00e0 di voti prevale la deliberazione che ha conseguito il voto di chi presiede.<\/div>\n<div style=\"text-align: justify;\">5.\tLe deliberazioni riguardanti persone sono assunte a scrutinio segreto salvo che il Consiglio di amministrazione, all\u2019unanimit\u00e0, stabilisca altra forma di votazione<\/div>\n<div style=\"text-align: justify;\">6.\tLe funzioni di segretario del Consiglio di amministrazione sono svolte dal Segretario generale della Fondazione.<\/div>\n<div style=\"text-align: justify;\">7.\tIl verbali delle sedute del Consiglio di amministrazione sono redatti dal Segretario e sono firmati da chi ha presieduto e dal segretario stesso.<\/div>\n<div style=\"text-align: justify;\">8.\tI verbali e gli estratti dei medesimi fanno prova delle riunioni e delle deliberazioni del Consiglio; gli estratti devono essere sottoscritti dal Presidente per autenticazione.<\/div>\n<div><strong><br \/><\/strong><\/div>\n<div style=\"text-align: justify;\"><strong>Articolo 23 \u2013 Consiglio di amministrazione: competenze <\/strong><\/div>\n<div style=\"text-align: justify;\">1.\tIl Consiglio di amministrazione ha tutti i poteri di ordinaria e straordinaria amministrazione della Fondazione non riservati ad altri organi.<\/div>\n<div style=\"text-align: justify;\">2.\tSono di esclusiva competenza del Consiglio, oltre alle materie stabilite dalla legge, le decisioni concernenti:<\/div>\n<div style=\"text-align: justify;\">a)\tla predisposizione del bilancio d\u2019esercizio e della relazione sulla gestione;<\/div>\n<div style=\"text-align: justify;\">b)\tla predisposizione del Piano programmatico pluriennale e del Documento programmatico previsionale annuale;<\/div>\n<div style=\"text-align: justify;\">c)\tla nomina del Segretario generale ed eventualmente del Vice Segretario generale della Fondazione;<\/div>\n<div style=\"text-align: justify;\">d)\tl\u2019accertamento dei requisiti di professionalit\u00e0 e di onorabilit\u00e0 dei Consiglieri, nonch\u00e9 del Segretario generale;<\/div>\n<div style=\"text-align: justify;\">e)\tl\u2019acquisto e la cessione di partecipazioni diverse da quelle previste dall\u2019art. 19, lett. p);<\/div>\n<div style=\"text-align: justify;\">f)\tla designazione dei rappresentanti della Fondazione nelle societ\u00e0 e negli enti partecipati;<\/div>\n<div style=\"text-align: justify;\">g)\tl\u2019eventuale accollo alla Fondazione delle sanzioni amministrative tributarie a carico dei dipendenti della Fondazione stessa nel rispetto dei limiti di legge;<\/div>\n<div style=\"text-align: justify;\">h)\tl\u2019assunzione del personale dipendente e la gestione dei rapporti di lavoro.<\/div>\n<div style=\"text-align: justify;\">3.\tAl consiglio di amministrazione, inoltre \u00e8 attribuito un generale potere di proposta al Consiglio generale in tutte le materie attinenti al funzionamento ed all\u2019attivit\u00e0 della Fondazione in particolare relativamente a: \t&#8211; modifiche statutarie; \t&#8211; approvazione e modifica dei regolamenti interni; \t&#8211; linee generali della gestione patrimoniale e della politica degli investimenti; \t&#8211; istituzione di imprese strumentali; \t&#8211; piani e programmi di intervento della Fondazione.<\/div>\n<div style=\"text-align: justify;\">4.\tIl Consiglio di amministrazione pu\u00f2 istituire Commissioni tecniche e scientifiche consultive anche a carattere permanente formate da esperti, scelti fra persone particolarmente competenti nei settori di intervento della Fondazione, definendone i compiti, la durata, le modalit\u00e0 di funzionamento. Possono essere chiamati a far parte delle Commissioni tecniche e scientifiche anche i componenti degli organi della Fondazione il cui incarico sia preventivamente concordato e conferito con delibera, con l\u2019indicazione dell\u2019eventuale compenso, sentito il Collegio sindacale.<\/div>\n<div style=\"text-align: justify;\">5\tIl Consiglio di amministrazione pu\u00f2 delegare proprie attribuzioni al Presidente o ad altro suo componente o al Segretario generale determinando i limiti della delega. Delle decisioni assunte dai titolari di deleghe dovr\u00e0 essere data notizia al Consiglio secondo le modalit\u00e0 da questo fissate.<\/div>\n<div><strong><br \/><\/strong><\/div>\n<div style=\"text-align: justify;\"><strong>Articolo 24 \u2013 Il Presidente della Fondazione <\/strong><\/div>\n<div style=\"text-align: justify;\">1.\tIl Presidente \u00e8 nominato dal Consiglio generale. Dura in carica cinque anni e pu\u00f2 essere riconfermato per una sola volta. Nell\u2019ipotesi in cui, per qualsiasi causa, il Presidente cessi dalla propria carica prima della scadenza del mandato, il Consiglio di amministrazione &#8211; o in mancanza il Collegio sindacale &#8211; dovr\u00e0 convocare senza indugio il Consiglio generale per la nomina di un nuovo Presidente. Lo stesso rimarr\u00e0 in carica per il periodo in cui lo sarebbe stato il Presidente sostituito.<\/div>\n<div style=\"text-align: justify;\">2.\tIl Presidente:<\/div>\n<div style=\"text-align: justify;\">a)\tha la legale rappresentanza della Fondazione di fronte ai terzi ed in giudizio;<\/div>\n<div style=\"text-align: justify;\">b)\tconvoca e presiede il Consiglio di amministrazione;<\/div>\n<div style=\"text-align: justify;\">c)\tconvoca e presiede, senza diritto di voto, l\u2019Assemblea dei soci ed il Consiglio generale;<\/div>\n<div style=\"text-align: justify;\">d)\tsvolge compiti di impulso e di coordinamento dell\u2019attivit\u00e0 della Fondazione e vigila sull\u2019esecuzione delle deliberazioni;<\/div>\n<div style=\"text-align: justify;\">e)\tesercita le funzioni allo stesso delegate dal Consiglio di amministrazione.<\/div>\n<div style=\"text-align: justify;\">3.\tNei casi di assoluta e improrogabile urgenza il Presidente, sentito il Segretario generale, eccetto che per le materie di esclusiva competenza del Consiglio di amministrazione, di cui all\u2019art. 23, comma 2, pu\u00f2 prendere determinazioni di competenza del Consiglio di amministrazione, dandone comunicazione allo stesso alla riunione successiva.<\/div>\n<div style=\"text-align: justify;\">4.\tIl Presidente pu\u00f2 delegare di volta in volta, in occasione di atti singoli, la rappresentanza della Fondazione a componenti del Consiglio di amministrazione e a dipendenti.<\/div>\n<div style=\"text-align: justify;\">5.\tIl Presidente ha, inoltre, la facolt\u00e0 di nominare avvocati per rappresentare la Fondazione in giudizio.<\/div>\n<div style=\"text-align: justify;\">6.\tIn caso di assenza o impedimento del Presidente, ne adempie le funzioni il Vice Presidente. In caso di assenza o impedimento anche del Vice Presidente, le funzioni vengono esercitate dal componente del Consiglio di amministrazione con la maggiore anzianit\u00e0 di carica o, in caso di nomina contemporanea, dal pi\u00f9 anziano di et\u00e0.<\/div>\n<div style=\"text-align: justify;\">7.\tDi fronte ai terzi la firma di chi sostituisce il Presidente costituisce prova dell\u2019assenza o impedimento dello stesso, ovvero dell\u2019assenza e dell\u2019impedimento di chi doveva procedere alla sostituzione.<\/div>\n<div style=\"text-align: justify;\">8.\tNei casi di vacanza della carica di Presidente e\/o Vice Presidente, si procede come nei casi di assenza o impedimento.<\/div>\n<div><strong><br \/><\/strong><\/div>\n<div style=\"text-align: justify;\"><strong>Articolo 25 \u2013 Collegio sindacale <\/strong><\/div>\n<div style=\"text-align: justify;\">1.\tIl Collegio sindacale \u00e9 composto da tre membri effettivi e due supplenti nominati dal Consiglio generale che ne individua il Presidente. I componenti del Collegio sindacale debbono possedere i requisiti richiesti dal vigente ordinamento per il controllo legale dei conti.<\/div>\n<div style=\"text-align: justify;\">2.\tI componenti del Collegio sindacale restano in carica per la durata di tre anni e possono essere riconfermati una sola volta. Essi restano nell\u2019ufficio fino a che non entrino in carica i loro successori.<\/div>\n<div style=\"text-align: justify;\">3.\tSe nel corso del mandato vengono a cessare uno o pi\u00f9 componenti subentrano i supplenti in ordine di et\u00e0.<\/div>\n<div style=\"text-align: justify;\">4.\tI nuovi componenti restano in carica fino alla successiva riunione del Consiglio generale, il quale deve provvedere  alla nomina dei membri effettivi e supplenti necessari per l\u2019integrazione dell\u2019organo stesso. I componenti nominati in surroga di coloro che vengono a cessare restano in carica quanto sarebbero dovuti restare i loro predecessori.<\/div>\n<div style=\"text-align: justify;\">5.\tIl Collegio sindacale deve assistere alle riunioni del Consiglio generale e del Consiglio di amministrazione.<\/div>\n<div style=\"text-align: justify;\">6.\tSpettano al Collegio sindacale le attribuzioni stabilite dagli artt. 2403 &#8211; 2407 del codice civile, in quanto applicabili, nonch\u00e9 dal decreto legislativo 17 maggio 1999, n. 153.<\/div>\n<div style=\"text-align: justify;\">7.\tGli accertamenti, le proposte e i rilievi del Collegio sindacale devono essere trascritti in apposito registro tenuto a cura del Presidente del Collegio.<\/div>\n<div><strong><br \/><\/strong><\/div>\n<div style=\"text-align: justify;\"><strong>Articolo 26 \u2013 Il Segretario generale <\/strong><\/div>\n<div style=\"text-align: justify;\">1.\tIl Segretario generale dirige e coordina l&#8217;attivit\u00e0 della Fondazione; \u00e8 capo della struttura operativa della quale si avvale per lo svolgimento delle sue funzionie ne promuove la formazione e la crescita delle necessarie professionalit\u00e0.<\/div>\n<div style=\"text-align: justify;\">2.\tIn caso di assenza o di impedimento del Segretario generale ne adempie le funzioni il Vice Segretario generale, ove nominato, o il dipendente o altra persona all\u2019uopo delegati dal Consiglio di amministrazione. Di fronte ai terzi la firma di chi sostituisce il Segretario generale costituisce prova della sua assenza o impedimento.<\/div>\n<div style=\"text-align: justify;\">3.\tPartecipa alle riunioni dell\u2019Assemblea dei soci, del Consiglio generale e del Consiglio di amministrazione e ne redige e sottoscrive i relativi verbali.<\/div>\n<div style=\"text-align: justify;\">4.\tProvvede ad istruire gli atti preparatori per le deliberazioni degli Organi della Fondazione e dispone per l\u2019esecuzione delle deliberazioni stesse.<\/div>\n<div style=\"text-align: justify;\">5.\tPu\u00f2 compiere atti o categorie di atti per i quali abbia avuto delega dal Consiglio di amministrazione o dal Presidente.<\/div>\n<div style=\"text-align: justify;\">6.\tIl Segretario generale o il Vice Segretario generale, se nominato, deve essere scelto fra persone di elevata qualificazione professionale, con competenza specifica nel campo gestionale ed amministrativo della Fondazione, che abbiano maturato esperienza nell\u2019ambito della libera professione ovvero in posizioni di responsabilit\u00e0 presso enti pubblici e privati di dimensione adeguate.<\/div>\n<div style=\"text-align: justify;\">7.\tAl Segretario generale ed al Vice Segretario generale si applicano le previsioni statutarie in materia di incompatibilit\u00e0, onorabilit\u00e0, decadenza e sospensione con esclusione di quanto previsto dall\u2019art. 28,  comma 1, lettera c) con riferimento al rapporto di dipendenza con la Fondazione.<\/div>\n<div><strong><br \/><\/strong><\/div>\n<div><strong>TITOLO III \u2013 DISPOSIZIONI COMUNI <\/strong><\/div>\n<div><strong><br \/><\/strong><\/div>\n<div style=\"text-align: justify;\"><strong>Articolo 27 \u2013 Compensi e rimborsi <\/strong><\/div>\n<div style=\"text-align: justify;\">1.\tAi componenti del Consiglio generale spetta una medaglia di presenza per le partecipazioni alle riunioni del Consiglio medesimo, oltre al rimborso delle spese effettivamente sostenute per l\u2019espletamento delle funzioni. La misura e le modalit\u00e0 di erogazione della medaglia di presenza e dei rimborsi spese sono deliberate dal Consiglio generale stesso, con parere conforme del Collegio sindacale.<\/div>\n<div style=\"text-align: justify;\">2.\tAl Presidente, al Vice Presidente del Consiglio di amministrazione ed ai componenti del Consiglio stesso nonch\u00e9 ai membri del Collegio sindacale, spetta un compenso annuo, nonch\u00e9 una medaglia di presenza per le riunioni alle quali partecipano, oltre al rimborso delle spese effettivamente sostenute per l\u2019espletamento delle funzioni. La misura e le modalit\u00e0 di erogazione dei compensi, delle medaglie di presenza e dei rimborsi spese sono determinate dal Consiglio generale.<\/div>\n<div style=\"text-align: justify;\">3.\tNon \u00e8 consentito il cumulo di pi\u00f9 medaglie di presenza nella stessa giornata.<\/div>\n<div><strong><br \/><\/strong><\/div>\n<div style=\"text-align: justify;\"><strong>Articolo 28 \u2013 Incompatibilit\u00e0 <\/strong><\/div>\n<div style=\"text-align: justify;\">1.\tNon possono ricoprire la carica di Presidente della Fondazione o di componente del Consiglio generale, del Consiglio di amministrazione, del Collegio sindacale e di Segretario generale:<\/div>\n<div style=\"text-align: justify;\">a)\tcoloro che, in qualsiasi momento, perdano i requisiti previsti dallo statuto;<\/div>\n<div style=\"text-align: justify;\">b)\til coniuge, i parenti e gli affini sino al secondo grado incluso dei membri del Consiglio generale, del Consiglio di amministrazione, del Collegio sindacale;<\/div>\n<div style=\"text-align: justify;\">c)\ti dipendenti in servizio della Fondazione o di societ\u00e0 da quest\u2019ultima controllate &#8211; con esclusione del Segretario generale per quanto riguarda lo stesso &#8211; nonch\u00e9 il coniuge di detti dipendenti e i loro parenti e affini fino al secondo grado incluso;<\/div>\n<div style=\"text-align: justify;\">d)\tcoloro che ricoprano funzioni di governo, che siano membri del parlamento nazionale ed europeo, delle amministrazioni regionali, provinciali e comunali &#8211; ivi comprendendo i componenti del Consiglio, Giunta, Presidente di tali organi e Sindaco &#8211; e degli altri enti pubblici locali nonch\u00e9 dei relativi organi di controllo, nonch\u00e8 coloro che abbiano ricoperto nei dodici mesi precedenti o che siano candidati a ricoprire una delle predette cariche;<\/div>\n<div style=\"text-align: justify;\">e)\tcoloro che svolgano funzioni di amministrazione e controllo in uno dei soggetti cui lo statuto attribuisce il potere di designazione di componenti del Consiglio generale della Fondazione o che abbiano in essere con tali soggetti rapporti di lavoro dipendente anche a tempo determinato o rapporti di collaborazione coordinata continuativa. I Professori universitari non sono considerati dipendenti subordinati in virt\u00f9 del loro peculiare stato giuridico, ferma restando l&#8217;incompatibilit\u00e0 per coloro che siano componenti degli organi accademici di amministrazione e controllo in un ente designante o che detengano la rappresentanza legale dello stesso;<\/div>\n<div style=\"text-align: justify;\">f)\tcoloro che ricoprano cariche in altre fondazioni di origine bancaria;<\/div>\n<div style=\"text-align: justify;\">g)\ti dipendenti della societ\u00e0 bancaria conferitaria di cui all\u2019art. 1 del decreto legislativo 17 maggio 1999, n. 153;<\/div>\n<div style=\"text-align: justify;\">h)\tgli amministratori di enti pubblici o privati destinatari degli interventi con cui la Fondazione abbia in essere rapporti organici e permanenti.<\/div>\n<div style=\"text-align: justify;\">2. Non possono ricoprire la carica di Presidente della Fondazione e di componente del Consiglio di amministrazione coloro che non abbiano sottoscritto una dichiarazione di impegno a non candidarsi nei dodici mesi successivi alla cessazione del mandato per l&#8217;assunzione di incarichi &nbsp;di cui alla precedente lettera d).<\/div>\n<div style=\"text-align: justify;\">3.\tFermo restando quanto previsto dall\u2019art. 8, comma 11, nessun componente di un organo della Fondazione pu\u00f2 far parte di altro organo o ricoprire la carica di Segretario generale della stessa.<\/div>\n<div style=\"text-align: justify;\">4.\tIl componente di un organo che accetta la nomina in altro organo o viene nominato Segretario generale della Fondazione decade dal primo con l\u2019accettazione della nomina. Il Segretario generale che viene nominato componente di un organo della Fondazione, cessa dalla carica con l\u2019accettazione della nomina.<\/div>\n<div style=\"text-align: justify;\">5.\tIn deroga a quanto previsto dai commi precedenti, il Presidente della Fondazione ed il Vice Presidente che lo sostituisce convoca, presiede e prende parte, senza diritto di voto, alle riunioni del Consiglio generale e dell\u2019Assemblea dei soci.<\/div>\n<div style=\"text-align: justify;\">6.\tI componenti del Consiglio generale non possono ricoprire funzioni di amministrazione, direzione o controllo presso la societ\u00e0 bancaria conferitaria di cui all\u2019art. 1 del decreto legislativo 17 maggio 1999, n. 153; non possono altres\u00ec assumere o esercitare cariche negli organi gestionali, di sorveglianza e di controllo o funzioni di direzione di societ\u00e0 concorrenti della societ\u00e0 bancaria conferitaria o di societ\u00e0 concorrenti del suo gruppo.<\/div>\n<div style=\"text-align: justify;\">7.\tI componenti del Consiglio di amministrazione, del Collegio sindacale ed il Segretario generale non possono ricoprire funzioni di amministrazione, direzione o controllo presso la societ\u00e0 bancaria conferitaria, di cui all\u2019art. 1 del decreto legislativo 17 maggio 1999, n. 153, o sue controllate o partecipate; non possono altres\u00ec assumere o esercitare cariche negli organi gestionali, di sorveglianza e di controllo o funzioni di direzione di societ\u00e0 concorrenti della societ\u00e0 bancaria conferitaria o di societ\u00e0 concorrenti del suo gruppo.<\/div>\n<div><strong><br \/><\/strong><\/div>\n<div style=\"text-align: justify;\"><strong>Articolo 29 \u2013 Conflitto d\u2019interessi <\/strong><\/div>\n<div style=\"text-align: justify;\">1.\tIl componente del Consiglio generale, del Consiglio di amministrazione, del Collegio sindacale ed il Segretario generale che, in una determinata operazione hanno, per conto proprio o di terzi, interesse in conflitto con quello della Fondazione, devono darne immediata notizia all\u2019organo di appartenenza, ovvero &#8211; per quanto attiene al Segretario generale &#8211; al Consiglio di amministrazione, e devono astenersi dal partecipare alle deliberazioni riguardanti l\u2019operazione stessa.<\/div>\n<div style=\"text-align: justify;\">2.\tL\u2019organo di appartenenza, ovvero &#8211; per quanto attiene al Segretario generale &#8211; il Consiglio di amministrazione, valuta entro trenta giorni l\u2019adozione dei provvedimenti della sospensione e della decadenza nel caso in cui l\u2019interessato abbia omesso la comunicazione di cui al comma precedente, nonch\u00e9 nel caso in cui il conflitto abbia natura non temporanea.<\/div>\n<div style=\"text-align: justify;\">3.\tI componenti gli organi della Fondazione non possono essere destinatari di attivit\u00e0 della Fondazione, salvi gli interventi destinati a soddisfare gli interessi, generali o collettivi, espressi dagli enti designanti.<\/div>\n<div><strong><br \/><\/strong><\/div>\n<div style=\"text-align: justify;\"><strong>Articolo 30 \u2013 Onorabilit\u00e0 <\/strong><\/div>\n<div style=\"text-align: justify;\">1.\tI requisiti di onorabilit\u00e0 sono requisiti di idoneit\u00e0 etica confacenti ad un Ente senza scopo di lucro. In particolare non possono ricoprire la carica di Presidente, di componente del Consiglio generale, del Consiglio di amministrazione, del Collegio sindacale, di Segretario generale n\u00e9 assumere la qualit\u00e0 di soci coloro che:<\/div>\n<div style=\"text-align: justify;\">a)\tsi trovano in una delle condizioni di ineleggibilit\u00e0 o decadenza previste dall\u2019art. 2382 del codice civile;<\/div>\n<div style=\"text-align: justify;\">b)\tsono stati sottoposti a misure di prevenzione disposte dall\u2019Autorit\u00e0 giudiziaria ai sensi della legge 27 dicembre 1956, n. 1423, o dalla legge 31 maggio 1965, n. 575 e successive modificazioni ed integrazioni, salvi gli effetti della riabilitazione;<\/div>\n<div style=\"text-align: justify;\">c)\tsono stati condannati con sentenza irrevocabile, salvi gli effetti della riabilitazione:<\/div>\n<div style=\"text-align: justify;\">1)\ta pena detentiva per uno dei reati previsti dalle norme che disciplinano l\u2019attivit\u00e0 bancaria, finanziaria, mobiliare, assicurativa e dalle norme in materia di mercati e valori mobiliari, di strumenti di pagamento;<\/div>\n<div style=\"text-align: justify;\">2)\talla reclusione per uno dei delitti previsti nel titolo XI del libro V del codice civile e nel titolo VI del regio decreto 16 marzo 1942, n. 267, salvi gli effetti della riabilitazione;<\/div>\n<div style=\"text-align: justify;\">3)\talla reclusione per un delitto contro la pubblica amministrazione, contro la fede pubblica, contro il patrimonio, contro l\u2019ordine pubblico, contro l\u2019economia pubblica, ovvero per un delitto in materia tributaria;<\/div>\n<div style=\"text-align: justify;\">4)\talla reclusione per un tempo non inferiore a due anni per un qualunque delitto non colposo.<\/div>\n<div style=\"text-align: justify;\">2.\tInoltre, le cariche negli organi della Fondazione non possono essere ricoperte da coloro ai quali sia stata applicata su richiesta delle parti una delle pene previste alla lettera c) del comma 1 del presente articolo, salvo il caso di estinzione del reato.<\/div>\n<div style=\"text-align: justify;\">3.\tI componenti degli organi della Fondazione devono portare a conoscenza dell\u2019organo di appartenenza, ovvero &#8211; per quanto attiene al Segretario generale &#8211; del Consiglio di amministrazione, tutte le situazioni che possano assumere rilevanza ai fini della permanenza del requisito di onorabilit\u00e0. L\u2019organo competente deve assumere entro trenta giorni le decisioni ritenute pi\u00f9 idonee a salvaguardia dell\u2019autonomia, della reputazione e degli interessi  della Fondazione.<\/div>\n<div><strong><br \/><\/strong><\/div>\n<div style=\"text-align: justify;\"><strong>Articolo 31 \u2013 Decadenza e sospensione <\/strong><\/div>\n<div style=\"text-align: justify;\">1.\tCostituiscono cause di decadenza dei componenti del Consiglio generale, del Consiglio di amministrazione, del Collegio sindacale e del Segretario generale:<\/div>\n<div style=\"text-align: justify;\">a)\tla mancanza o il venir meno nonch\u00e9 l\u2019omessa comunicazione da parte dell\u2019interessato del venir meno dei requisiti richiesti per la nomina;<\/div>\n<div style=\"text-align: justify;\">b)\tla mancata partecipazione, per tre volte consecutive e senza motivo di legittimo impedimento dichiarato per iscritto, alle riunioni dell\u2019organo di appartenenza o nel caso dei componenti del Collegio sindacale alle riunioni del Consiglio generale e del Consiglio di amministrazione;<\/div>\n<div style=\"text-align: justify;\">c)\tla partecipazione a deliberazioni riguardanti operazioni per le quali avevano un interesse in conflitto con quello della Fondazione.<\/div>\n<div style=\"text-align: justify;\">2.\tLe cause di incompatibilit\u00e0, previste dall\u2019art. 28 del presente statuto, sopravvenute alla nomina, costituiscono cause di sospensione immediata dall\u2019esercizio delle funzioni e diventano cause di decadenza se non vengono rimosse entro trenta giorni dal loro verificarsi.<\/div>\n<div style=\"text-align: justify;\">3.\tI componenti del Consiglio generale, del Consiglio di amministrazione e del Collegio sindacale dichiarati decaduti ai sensi del comma 1, lettera b) del presente articolo non possono essere chiamati a far parte di organi della Fondazione nei 5 anni successivi.<\/div>\n<div style=\"text-align: justify;\">4.\tIl Consiglio generale, il Consiglio di amministrazione e il Collegio sindacale verificano la sussistenza dei requisiti richiesti, le eventuali cause di incompatibilit\u00e0, di sospensione e di decadenza dei propri componenti. Per il Segretario generale la verifica viene effettuata dal Consiglio di amministrazione.<\/div>\n<div style=\"text-align: justify;\">5.\tL\u2019organo competente deve tempestivamente assumere &#8211; comunque non oltre trenta giorni &#8211; le relative decisioni.<\/div>\n<div><strong><br \/><\/strong><\/div>\n<div style=\"text-align: justify;\"><strong>Articolo 32 \u2013 Computo dei mandati <\/strong><\/div>\n<div style=\"text-align: justify;\">1.\tAi fini del limite massimo dei mandati espletabili di cui all\u2019art. 4, comma 1, lett. i) del decreto legislativo 17 maggio 1999, n. 153, non si computa il mandato del singolo componente qualora esso sia stato espletato per una durata inferiore alla met\u00e0 del tempo previsto in statuto.<\/div>\n<div style=\"text-align: justify;\">2.\tIl mancato computo del mandato parziale non \u00e8 ammesso qualora la cessazione avvenga per dimissioni volontarie.<\/div>\n<div><strong><br \/><\/strong><\/div>\n<div><strong>TITOLO IV \u2013 BILANCIO, DOCUMENTO PROGRAMMATICO PREVISIONALE, LIBRI E SCRITTURE CONTABILI <\/strong><\/div>\n<div><strong><br \/><\/strong><\/div>\n<div style=\"text-align: justify;\"><strong>Articolo 33 \u2013 Bilancio e Documento programmatico previsionale <\/strong><\/div>\n<div style=\"text-align: justify;\">1.\tL\u2019esercizio inizia il 1\u00b0 gennaio e si chiude il 31 dicembre di ogni anno.<\/div>\n<div style=\"text-align: justify;\">2.\tEntro il mese di ottobre di ogni anno il Consiglio generale approva il Documento programmatico previsionale dell\u2019attivit\u00e0 della Fondazione relativo all\u2019esercizio successivo, predisposto dal Consiglio di amministrazione, sulla base degli indirizzi formulati dal Consiglio generale stesso. Nel Documento programmatico previsionale la Fondazione indica a fini informativi gli impieghi di cui all\u2019art. 7, comma 1, del decreto legislativo 17 maggio 1999, n. 153. Il Documento programmatico previsionale deve essere trasmesso all\u2019Autorit\u00e0 di vigilanza entro 15 giorni dalla sua approvazione.<\/div>\n<div style=\"text-align: justify;\">3.\tEntro quattro mesi dal termine dell\u2019esercizio il Consiglio generale approva, vista la relazione del Collegio sindacale, il bilancio e la relazione sulla gestione predisposti dal Consiglio di amministrazione e depositati, almeno 15 giorni prima dell\u2019approvazione, presso la sede della Fondazione. Entro i 15 giorni successivi all\u2019approvazione la documentazione di bilancio deve essere trasmessa all\u2019Autorit\u00e0 di vigilanza.<\/div>\n<div style=\"text-align: justify;\">4.\tIl bilancio si compone dello stato patrimoniale, del conto economico e della nota integrativa. La relazione sulla gestione illustra in una apposita sezione gli obiettivi perseguiti dalla Fondazione e gli interventi realizzati, evidenziando i risultati ottenuti nei confronti delle diverse categorie di destinatari.<\/div>\n<div style=\"text-align: justify;\">5.\tIl bilancio e la relazione sulla gestione devono essere trasmessi al Collegio sindacale, ai fini della predisposizione della relazione di competenza, almeno 20 giorni prima della data fissata per l\u2019approvazione da parte del Consiglio generale. Il Bilancio e la relazione sono redatti in modo da fornire una chiara rappresentazione dei profili patrimoniali, economici e finanziari dell\u2019attivit\u00e0 svolta dalla Fondazione ed una corretta ed esauriente rappresentazione delle forme di investimento del patrimonio e della relativa redditivit\u00e0, ferma restando l\u2019applicazione delle disposizioni in materia di cui all\u2019art. 9 del decreto legislativo 17 maggio 1999, n. 153.<\/div>\n<div style=\"text-align: justify;\">6.\tIl bilancio d\u2019esercizio e la relazione sulla gestione vengono resi pubblici nelle forme ritenute pi\u00f9 idonee, tenendo comunque conto delle specifiche indicazioni in merito emanate dall\u2019Autorit\u00e0 di vigilanza.<\/div>\n<div><strong><br \/><\/strong><\/div>\n<div style=\"text-align: justify;\"><strong>Articolo 34 \u2013 Libri e scritture contabili <\/strong><\/div>\n<div style=\"text-align: justify;\">1.\tLa Fondazione tiene i libri dei soci, delle adunanze e delle deliberazioni delle Assemblee dei soci, del Consiglio generale, del Consiglio di amministrazione, del Collegio sindacale. I libri suddetti, ad esclusione di quello relativo al Collegio sindacale, sono tenuti a cura del Segretario generale.<\/div>\n<div style=\"text-align: justify;\">2.\tLa Fondazione tiene, inoltre, il libro giornale, il libro degli inventari e gli altri libri contabili che si rendano necessari per la propria attivit\u00e0 in relazione alla natura giuridica privata.<\/div>\n<div style=\"text-align: justify;\">3.\tNel caso in cui la Fondazione eserciti, in via diretta imprese strumentali, viene tenuta una specifica contabilit\u00e0 separata e predisposto uno specifico rendiconto da allegare al bilancio d\u2019esercizio.<\/div>\n<div style=\"text-align: justify;\"><strong><br \/><\/strong><\/div>\n<div style=\"text-align: justify;\"><strong>TITOLO V &#8211; SCIOGLIMENTO <\/strong><\/div>\n<div style=\"text-align: justify;\"><strong><br \/><\/strong><\/div>\n<div style=\"text-align: justify;\"><strong>Articolo 35 \u2013 Scioglimento e devoluzione del patrimonio <\/strong><\/div>\n<div style=\"text-align: justify;\">1.\tQualora si verifichi una causa di scioglimento della Fondazione, la liquidazione \u00e8 regolata dalle norme del libro primo, titolo II, capo II codice civile e dall\u2019art. 11 del decreto legislativo 17 maggio 1999, n. 153.<\/div>\n<div style=\"text-align: justify;\">L\u2019eventuale residuo attivo risultante dal bilancio di liquidazione \u00e8 attribuito ad enti che perseguono fini identici o quanto meno analoghi a quelli della Fondazione, individuati con deliberazione del Consiglio generale, approvato dall\u2019Autorit\u00e0 di vigilanza.<\/div>\n<div style=\"text-align: justify;\"><strong><br \/><\/strong><\/div>\n<div style=\"text-align: justify;\"><strong>NORME TRANSITORIE <\/strong><\/div>\n<div style=\"text-align: justify;\">1.\tIl presente statuto entra in vigore con l\u2019approvazione da parte dell\u2019Autorit\u00e0 di vigilanza, oppure decorso il termine previsto dall\u2019art. 10, comma 3, lettera c) del decreto legislativo 17 maggio 1999, n. 153.  Del contenuto dello statuto e della sua approvazione viene assicurata adeguata pubblicit\u00e0. 2.\tIl mandato del Presidente della Fondazione, dei componenti del Consiglio generale e del Consiglio di amministrazione in carica all\u2019entrata in vigore del decreto ministeriale 18 maggio 2004, n. 150 non viene computato ai fini del limite di mandato di cui all\u2019art. 4, comma 1, lettera i) del decreto legislativo 17 maggio 1999, n. 153.<\/div>\n<div style=\"text-align: justify;\">Del contenuto dello statuto e della sua approvazione viene assicurata adeguata pubblicit\u00e0.<\/div>\n<div style=\"text-align: justify;\">2. Il mandato del Presidente della Fondazione, dei componenti del Consiglio generale e del Consiglio di amministrazione in carica all&#8217;entrata in vigore del decreto ministeriale 18 maggio 2004, n. 150 non viene computato ai fini del limite di mandato di cui all&#8217;art. 4, comma 1, lettera i) del decreto legislativo 17 maggio 1999, n. 153.<\/div>\n<div style=\"text-align: justify;\">3. In deroga alle nuove disposizioni in tema di incompatibilit\u00e0, i componenti degli organi che alla data di approvazione delle presenti modifiche statutarie ricoprano cariche riconducibili alle nuove previsioni dell&#8217;art. 28 possono mantenere le relative cariche fino alla loro scadenza naturale. Non possono essere rinnovati in tale cariche n\u00e9 assumere ulteriori cariche riconducibili alle medesime previsioni.&nbsp;<\/div>\n","protected":false},"excerpt":{"rendered":"<p>Scarica in formato PDF A Approvato dal Ministero dell&#8217;Economia e delle Finanze &#8211; Dipartimento del Tesoro &#8211; il 19 settembre 2013 TITOLO I &#8211; PRINCIPI GENERALI TITOLO II &#8211; STRUTTURA [&hellip;]<\/p>\n","protected":false},"author":1,"featured_media":0,"comment_status":"closed","ping_status":"closed","sticky":false,"template":"","format":"standard","meta":{"ocean_post_layout":"","ocean_both_sidebars_style":"","ocean_both_sidebars_content_width":0,"ocean_both_sidebars_sidebars_width":0,"ocean_sidebar":"","ocean_second_sidebar":"","ocean_disable_margins":"enable","ocean_add_body_class":"","ocean_shortcode_before_top_bar":"","ocean_shortcode_after_top_bar":"","ocean_shortcode_before_header":"","ocean_shortcode_after_header":"","ocean_has_shortcode":"","ocean_shortcode_after_title":"","ocean_shortcode_before_footer_widgets":"","ocean_shortcode_after_footer_widgets":"","ocean_shortcode_before_footer_bottom":"","ocean_shortcode_after_footer_bottom":"","ocean_display_top_bar":"default","ocean_display_header":"default","ocean_header_style":"","ocean_center_header_left_menu":"","ocean_custom_header_template":"","ocean_custom_logo":0,"ocean_custom_retina_logo":0,"ocean_custom_logo_max_width":0,"ocean_custom_logo_tablet_max_width":0,"ocean_custom_logo_mobile_max_width":0,"ocean_custom_logo_max_height":0,"ocean_custom_logo_tablet_max_height":0,"ocean_custom_logo_mobile_max_height":0,"ocean_header_custom_menu":"","ocean_menu_typo_font_family":"","ocean_menu_typo_font_subset":"","ocean_menu_typo_font_size":0,"ocean_menu_typo_font_size_tablet":0,"ocean_menu_typo_font_size_mobile":0,"ocean_menu_typo_font_size_unit":"px","ocean_menu_typo_font_weight":"","ocean_menu_typo_font_weight_tablet":"","ocean_menu_typo_font_weight_mobile":"","ocean_menu_typo_transform":"","ocean_menu_typo_transform_tablet":"","ocean_menu_typo_transform_mobile":"","ocean_menu_typo_line_height":0,"ocean_menu_typo_line_height_tablet":0,"ocean_menu_typo_line_height_mobile":0,"ocean_menu_typo_line_height_unit":"","ocean_menu_typo_spacing":0,"ocean_menu_typo_spacing_tablet":0,"ocean_menu_typo_spacing_mobile":0,"ocean_menu_typo_spacing_unit":"","ocean_menu_link_color":"","ocean_menu_link_color_hover":"","ocean_menu_link_color_active":"","ocean_menu_link_background":"","ocean_menu_link_hover_background":"","ocean_menu_link_active_background":"","ocean_menu_social_links_bg":"","ocean_menu_social_hover_links_bg":"","ocean_menu_social_links_color":"","ocean_menu_social_hover_links_color":"","ocean_disable_title":"default","ocean_disable_heading":"default","ocean_post_title":"","ocean_post_subheading":"","ocean_post_title_style":"","ocean_post_title_background_color":"","ocean_post_title_background":0,"ocean_post_title_bg_image_position":"","ocean_post_title_bg_image_attachment":"","ocean_post_title_bg_image_repeat":"","ocean_post_title_bg_image_size":"","ocean_post_title_height":0,"ocean_post_title_bg_overlay":0.5,"ocean_post_title_bg_overlay_color":"","ocean_disable_breadcrumbs":"default","ocean_breadcrumbs_color":"","ocean_breadcrumbs_separator_color":"","ocean_breadcrumbs_links_color":"","ocean_breadcrumbs_links_hover_color":"","ocean_display_footer_widgets":"default","ocean_display_footer_bottom":"default","ocean_custom_footer_template":"","ocean_post_oembed":"","ocean_post_self_hosted_media":"","ocean_post_video_embed":"","ocean_link_format":"","ocean_link_format_target":"self","ocean_quote_format":"","ocean_quote_format_link":"post","ocean_gallery_link_images":"on","ocean_gallery_id":[],"footnotes":""},"categories":[5],"tags":[],"class_list":["post-134","post","type-post","status-publish","format-standard","hentry","category-pagine","entry"],"yoast_head":"<!-- This site is optimized with the Yoast SEO plugin v27.5 - https:\/\/yoast.com\/product\/yoast-seo-wordpress\/ -->\n<title>Statuto &#187; Fondazione Cassa di Risparmio di Pesaro<\/title>\n<meta name=\"robots\" content=\"index, follow, max-snippet:-1, max-image-preview:large, max-video-preview:-1\" \/>\n<link rel=\"canonical\" href=\"https:\/\/www.fondazionecrpesaro.it\/fondazione\/statuto2\/\" \/>\n<meta property=\"og:locale\" content=\"it_IT\" \/>\n<meta property=\"og:type\" content=\"article\" \/>\n<meta property=\"og:title\" content=\"Statuto &#187; Fondazione Cassa di Risparmio di Pesaro\" \/>\n<meta property=\"og:description\" content=\"Scarica in formato PDF A Approvato dal Ministero dell&#8217;Economia e delle Finanze &#8211; Dipartimento del Tesoro &#8211; il 19 settembre 2013 TITOLO I &#8211; PRINCIPI GENERALI TITOLO II &#8211; STRUTTURA [&hellip;]\" \/>\n<meta property=\"og:url\" content=\"https:\/\/www.fondazionecrpesaro.it\/fondazione\/statuto2\/\" \/>\n<meta property=\"og:site_name\" content=\"Fondazione Cassa di Risparmio di Pesaro\" \/>\n<meta property=\"article:published_time\" content=\"2013-09-18T22:00:00+00:00\" \/>\n<meta property=\"article:modified_time\" content=\"2014-12-01T15:07:42+00:00\" \/>\n<meta name=\"author\" content=\"admin\" \/>\n<meta name=\"twitter:card\" content=\"summary_large_image\" \/>\n<meta name=\"twitter:label1\" content=\"Scritto da\" \/>\n\t<meta name=\"twitter:data1\" content=\"admin\" \/>\n\t<meta name=\"twitter:label2\" content=\"Tempo di lettura stimato\" \/>\n\t<meta name=\"twitter:data2\" content=\"41 minuti\" \/>\n<script type=\"application\/ld+json\" class=\"yoast-schema-graph\">{\"@context\":\"https:\\\/\\\/schema.org\",\"@graph\":[{\"@type\":\"Article\",\"@id\":\"https:\\\/\\\/www.fondazionecrpesaro.it\\\/fondazione\\\/statuto2\\\/#article\",\"isPartOf\":{\"@id\":\"https:\\\/\\\/www.fondazionecrpesaro.it\\\/fondazione\\\/statuto2\\\/\"},\"author\":{\"name\":\"admin\",\"@id\":\"https:\\\/\\\/www.fondazionecrpesaro.it\\\/fondazione\\\/#\\\/schema\\\/person\\\/bb0e75e0fa4ed92ae5318c59b50ac6f3\"},\"headline\":\"Statuto\",\"datePublished\":\"2013-09-18T22:00:00+00:00\",\"dateModified\":\"2014-12-01T15:07:42+00:00\",\"mainEntityOfPage\":{\"@id\":\"https:\\\/\\\/www.fondazionecrpesaro.it\\\/fondazione\\\/statuto2\\\/\"},\"wordCount\":8177,\"publisher\":{\"@id\":\"https:\\\/\\\/www.fondazionecrpesaro.it\\\/fondazione\\\/#organization\"},\"articleSection\":[\"Pagine\"],\"inLanguage\":\"it-IT\"},{\"@type\":\"WebPage\",\"@id\":\"https:\\\/\\\/www.fondazionecrpesaro.it\\\/fondazione\\\/statuto2\\\/\",\"url\":\"https:\\\/\\\/www.fondazionecrpesaro.it\\\/fondazione\\\/statuto2\\\/\",\"name\":\"Statuto &#187; Fondazione Cassa di Risparmio di Pesaro\",\"isPartOf\":{\"@id\":\"https:\\\/\\\/www.fondazionecrpesaro.it\\\/fondazione\\\/#website\"},\"datePublished\":\"2013-09-18T22:00:00+00:00\",\"dateModified\":\"2014-12-01T15:07:42+00:00\",\"breadcrumb\":{\"@id\":\"https:\\\/\\\/www.fondazionecrpesaro.it\\\/fondazione\\\/statuto2\\\/#breadcrumb\"},\"inLanguage\":\"it-IT\",\"potentialAction\":[{\"@type\":\"ReadAction\",\"target\":[\"https:\\\/\\\/www.fondazionecrpesaro.it\\\/fondazione\\\/statuto2\\\/\"]}]},{\"@type\":\"BreadcrumbList\",\"@id\":\"https:\\\/\\\/www.fondazionecrpesaro.it\\\/fondazione\\\/statuto2\\\/#breadcrumb\",\"itemListElement\":[{\"@type\":\"ListItem\",\"position\":1,\"name\":\"Home\",\"item\":\"https:\\\/\\\/www.fondazionecrpesaro.it\\\/fondazione\\\/\"},{\"@type\":\"ListItem\",\"position\":2,\"name\":\"Statuto\"}]},{\"@type\":\"WebSite\",\"@id\":\"https:\\\/\\\/www.fondazionecrpesaro.it\\\/fondazione\\\/#website\",\"url\":\"https:\\\/\\\/www.fondazionecrpesaro.it\\\/fondazione\\\/\",\"name\":\"Fondazione Cassa di Risparmio di Pesaro\",\"description\":\"\",\"publisher\":{\"@id\":\"https:\\\/\\\/www.fondazionecrpesaro.it\\\/fondazione\\\/#organization\"},\"potentialAction\":[{\"@type\":\"SearchAction\",\"target\":{\"@type\":\"EntryPoint\",\"urlTemplate\":\"https:\\\/\\\/www.fondazionecrpesaro.it\\\/fondazione\\\/?s={search_term_string}\"},\"query-input\":{\"@type\":\"PropertyValueSpecification\",\"valueRequired\":true,\"valueName\":\"search_term_string\"}}],\"inLanguage\":\"it-IT\"},{\"@type\":\"Organization\",\"@id\":\"https:\\\/\\\/www.fondazionecrpesaro.it\\\/fondazione\\\/#organization\",\"name\":\"Fondazione Cassa di Risparmio di Pesaro\",\"url\":\"https:\\\/\\\/www.fondazionecrpesaro.it\\\/fondazione\\\/\",\"logo\":{\"@type\":\"ImageObject\",\"inLanguage\":\"it-IT\",\"@id\":\"https:\\\/\\\/www.fondazionecrpesaro.it\\\/fondazione\\\/#\\\/schema\\\/logo\\\/image\\\/\",\"url\":\"https:\\\/\\\/www.fondazionecrpesaro.it\\\/fondazione\\\/wp-content\\\/uploads\\\/2021\\\/09\\\/logo-FCRP.png\",\"contentUrl\":\"https:\\\/\\\/www.fondazionecrpesaro.it\\\/fondazione\\\/wp-content\\\/uploads\\\/2021\\\/09\\\/logo-FCRP.png\",\"width\":852,\"height\":173,\"caption\":\"Fondazione Cassa di Risparmio di Pesaro\"},\"image\":{\"@id\":\"https:\\\/\\\/www.fondazionecrpesaro.it\\\/fondazione\\\/#\\\/schema\\\/logo\\\/image\\\/\"}},{\"@type\":\"Person\",\"@id\":\"https:\\\/\\\/www.fondazionecrpesaro.it\\\/fondazione\\\/#\\\/schema\\\/person\\\/bb0e75e0fa4ed92ae5318c59b50ac6f3\",\"name\":\"admin\",\"image\":{\"@type\":\"ImageObject\",\"inLanguage\":\"it-IT\",\"@id\":\"https:\\\/\\\/secure.gravatar.com\\\/avatar\\\/0aa07693944b8b7240e25a6b3b713da444dc87bfc6deb6a8ef9fe602b4f83d12?s=96&d=mm&r=g\",\"url\":\"https:\\\/\\\/secure.gravatar.com\\\/avatar\\\/0aa07693944b8b7240e25a6b3b713da444dc87bfc6deb6a8ef9fe602b4f83d12?s=96&d=mm&r=g\",\"contentUrl\":\"https:\\\/\\\/secure.gravatar.com\\\/avatar\\\/0aa07693944b8b7240e25a6b3b713da444dc87bfc6deb6a8ef9fe602b4f83d12?s=96&d=mm&r=g\",\"caption\":\"admin\"},\"url\":\"https:\\\/\\\/www.fondazionecrpesaro.it\\\/fondazione\\\/author\\\/admin\\\/\"}]}<\/script>\n<!-- \/ Yoast SEO plugin. -->","yoast_head_json":{"title":"Statuto &#187; Fondazione Cassa di Risparmio di Pesaro","robots":{"index":"index","follow":"follow","max-snippet":"max-snippet:-1","max-image-preview":"max-image-preview:large","max-video-preview":"max-video-preview:-1"},"canonical":"https:\/\/www.fondazionecrpesaro.it\/fondazione\/statuto2\/","og_locale":"it_IT","og_type":"article","og_title":"Statuto &#187; Fondazione Cassa di Risparmio di Pesaro","og_description":"Scarica in formato PDF A Approvato dal Ministero dell&#8217;Economia e delle Finanze &#8211; Dipartimento del Tesoro &#8211; il 19 settembre 2013 TITOLO I &#8211; PRINCIPI GENERALI TITOLO II &#8211; STRUTTURA [&hellip;]","og_url":"https:\/\/www.fondazionecrpesaro.it\/fondazione\/statuto2\/","og_site_name":"Fondazione Cassa di Risparmio di Pesaro","article_published_time":"2013-09-18T22:00:00+00:00","article_modified_time":"2014-12-01T15:07:42+00:00","author":"admin","twitter_card":"summary_large_image","twitter_misc":{"Scritto da":"admin","Tempo di lettura stimato":"41 minuti"},"schema":{"@context":"https:\/\/schema.org","@graph":[{"@type":"Article","@id":"https:\/\/www.fondazionecrpesaro.it\/fondazione\/statuto2\/#article","isPartOf":{"@id":"https:\/\/www.fondazionecrpesaro.it\/fondazione\/statuto2\/"},"author":{"name":"admin","@id":"https:\/\/www.fondazionecrpesaro.it\/fondazione\/#\/schema\/person\/bb0e75e0fa4ed92ae5318c59b50ac6f3"},"headline":"Statuto","datePublished":"2013-09-18T22:00:00+00:00","dateModified":"2014-12-01T15:07:42+00:00","mainEntityOfPage":{"@id":"https:\/\/www.fondazionecrpesaro.it\/fondazione\/statuto2\/"},"wordCount":8177,"publisher":{"@id":"https:\/\/www.fondazionecrpesaro.it\/fondazione\/#organization"},"articleSection":["Pagine"],"inLanguage":"it-IT"},{"@type":"WebPage","@id":"https:\/\/www.fondazionecrpesaro.it\/fondazione\/statuto2\/","url":"https:\/\/www.fondazionecrpesaro.it\/fondazione\/statuto2\/","name":"Statuto &#187; Fondazione Cassa di Risparmio di Pesaro","isPartOf":{"@id":"https:\/\/www.fondazionecrpesaro.it\/fondazione\/#website"},"datePublished":"2013-09-18T22:00:00+00:00","dateModified":"2014-12-01T15:07:42+00:00","breadcrumb":{"@id":"https:\/\/www.fondazionecrpesaro.it\/fondazione\/statuto2\/#breadcrumb"},"inLanguage":"it-IT","potentialAction":[{"@type":"ReadAction","target":["https:\/\/www.fondazionecrpesaro.it\/fondazione\/statuto2\/"]}]},{"@type":"BreadcrumbList","@id":"https:\/\/www.fondazionecrpesaro.it\/fondazione\/statuto2\/#breadcrumb","itemListElement":[{"@type":"ListItem","position":1,"name":"Home","item":"https:\/\/www.fondazionecrpesaro.it\/fondazione\/"},{"@type":"ListItem","position":2,"name":"Statuto"}]},{"@type":"WebSite","@id":"https:\/\/www.fondazionecrpesaro.it\/fondazione\/#website","url":"https:\/\/www.fondazionecrpesaro.it\/fondazione\/","name":"Fondazione Cassa di Risparmio di Pesaro","description":"","publisher":{"@id":"https:\/\/www.fondazionecrpesaro.it\/fondazione\/#organization"},"potentialAction":[{"@type":"SearchAction","target":{"@type":"EntryPoint","urlTemplate":"https:\/\/www.fondazionecrpesaro.it\/fondazione\/?s={search_term_string}"},"query-input":{"@type":"PropertyValueSpecification","valueRequired":true,"valueName":"search_term_string"}}],"inLanguage":"it-IT"},{"@type":"Organization","@id":"https:\/\/www.fondazionecrpesaro.it\/fondazione\/#organization","name":"Fondazione Cassa di Risparmio di Pesaro","url":"https:\/\/www.fondazionecrpesaro.it\/fondazione\/","logo":{"@type":"ImageObject","inLanguage":"it-IT","@id":"https:\/\/www.fondazionecrpesaro.it\/fondazione\/#\/schema\/logo\/image\/","url":"https:\/\/www.fondazionecrpesaro.it\/fondazione\/wp-content\/uploads\/2021\/09\/logo-FCRP.png","contentUrl":"https:\/\/www.fondazionecrpesaro.it\/fondazione\/wp-content\/uploads\/2021\/09\/logo-FCRP.png","width":852,"height":173,"caption":"Fondazione Cassa di Risparmio di Pesaro"},"image":{"@id":"https:\/\/www.fondazionecrpesaro.it\/fondazione\/#\/schema\/logo\/image\/"}},{"@type":"Person","@id":"https:\/\/www.fondazionecrpesaro.it\/fondazione\/#\/schema\/person\/bb0e75e0fa4ed92ae5318c59b50ac6f3","name":"admin","image":{"@type":"ImageObject","inLanguage":"it-IT","@id":"https:\/\/secure.gravatar.com\/avatar\/0aa07693944b8b7240e25a6b3b713da444dc87bfc6deb6a8ef9fe602b4f83d12?s=96&d=mm&r=g","url":"https:\/\/secure.gravatar.com\/avatar\/0aa07693944b8b7240e25a6b3b713da444dc87bfc6deb6a8ef9fe602b4f83d12?s=96&d=mm&r=g","contentUrl":"https:\/\/secure.gravatar.com\/avatar\/0aa07693944b8b7240e25a6b3b713da444dc87bfc6deb6a8ef9fe602b4f83d12?s=96&d=mm&r=g","caption":"admin"},"url":"https:\/\/www.fondazionecrpesaro.it\/fondazione\/author\/admin\/"}]}},"_links":{"self":[{"href":"https:\/\/www.fondazionecrpesaro.it\/fondazione\/wp-json\/wp\/v2\/posts\/134","targetHints":{"allow":["GET"]}}],"collection":[{"href":"https:\/\/www.fondazionecrpesaro.it\/fondazione\/wp-json\/wp\/v2\/posts"}],"about":[{"href":"https:\/\/www.fondazionecrpesaro.it\/fondazione\/wp-json\/wp\/v2\/types\/post"}],"author":[{"embeddable":true,"href":"https:\/\/www.fondazionecrpesaro.it\/fondazione\/wp-json\/wp\/v2\/users\/1"}],"replies":[{"embeddable":true,"href":"https:\/\/www.fondazionecrpesaro.it\/fondazione\/wp-json\/wp\/v2\/comments?post=134"}],"version-history":[{"count":0,"href":"https:\/\/www.fondazionecrpesaro.it\/fondazione\/wp-json\/wp\/v2\/posts\/134\/revisions"}],"wp:attachment":[{"href":"https:\/\/www.fondazionecrpesaro.it\/fondazione\/wp-json\/wp\/v2\/media?parent=134"}],"wp:term":[{"taxonomy":"category","embeddable":true,"href":"https:\/\/www.fondazionecrpesaro.it\/fondazione\/wp-json\/wp\/v2\/categories?post=134"},{"taxonomy":"post_tag","embeddable":true,"href":"https:\/\/www.fondazionecrpesaro.it\/fondazione\/wp-json\/wp\/v2\/tags?post=134"}],"curies":[{"name":"wp","href":"https:\/\/api.w.org\/{rel}","templated":true}]}}