{"id":129,"date":"2012-05-02T09:07:40","date_gmt":"2012-05-02T07:07:40","guid":{"rendered":"http:\/\/www.fondazionecrpesaro.it\/fondazione\/?p=129"},"modified":"2014-12-01T16:07:42","modified_gmt":"2014-12-01T15:07:42","slug":"inaugurazione-qcasa-leonardoq","status":"publish","type":"post","link":"https:\/\/www.fondazionecrpesaro.it\/fondazione\/inaugurazione-qcasa-leonardoq\/","title":{"rendered":"INAUGURAZIONE &#8220;CASA LEONARDO&#8221;"},"content":{"rendered":"<div style=\"text-align: justify;\">\u201cCasa Leonardo\u201d \u00e8 il nuovo Centro Residenziale dell\u2019A.I.A.S. Associazione Provinciale per l\u2019Assistenza agli Spastici e Discinetici che da anni, con il contributo della Fondazione, opera a favore di persone adulte non autosufficienti con gravi difficolt\u00e0 motorie. \u201cCasa Leonardo\u201d, sita in un immobile di via Tesei n. 14 di propriet\u00e0 del Comune di Pesaro assegnato per tale finalit\u00e0, verr\u00e0 inaugurata il 5 maggio prossimo, alle ore 11,00, e consentir\u00e0 all\u2019A.I.A.S. di disporre di otto posti letto rispetto ai quattro finora attivi della Comunit\u00e0 Socio-Educativa-Riabilitativa di Corso XI Settembre.   <!--more-->  Grazie all\u2019intervento della Fondazione, che ha finanziato interamente la ristrutturazione dell\u2019immobile con un importo complessivo di \u20ac 350.000,00, l\u2019Associazione sar\u00e0 cos\u00ec in grado di rispondere pienamente alla pressante esigenza di allargare il servizio residenziale a pi\u00f9 soggetti bisognosi in una sede pienamente idonea allo scopo. In Corso XI Settembre continueranno invece ad operare i servizi diurni del Centro Socio-Educativa-Riabilitativo.<\/div>\n","protected":false},"excerpt":{"rendered":"<p>\u201cCasa Leonardo\u201d \u00e8 il nuovo Centro Residenziale dell\u2019A.I.A.S. Associazione Provinciale per l\u2019Assistenza agli Spastici e Discinetici che da anni, con il contributo della Fondazione, opera a favore di persone adulte [&hellip;]<\/p>\n","protected":false},"author":1,"featured_media":0,"comment_status":"closed","ping_status":"closed","sticky":false,"template":"","format":"standard","meta":{"ocean_post_layout":"","ocean_both_sidebars_style":"","ocean_both_sidebars_content_width":0,"ocean_both_sidebars_sidebars_width":0,"ocean_sidebar":"","ocean_second_sidebar":"","ocean_disable_margins":"enable","ocean_add_body_class":"","ocean_shortcode_before_top_bar":"","ocean_shortcode_after_top_bar":"","ocean_shortcode_before_header":"","ocean_shortcode_after_header":"","ocean_has_shortcode":"","ocean_shortcode_after_title":"","ocean_shortcode_before_footer_widgets":"","ocean_shortcode_after_footer_widgets":"","ocean_shortcode_before_footer_bottom":"","ocean_shortcode_after_footer_bottom":"","ocean_display_top_bar":"default","ocean_display_header":"default","ocean_header_style":"","ocean_center_header_left_menu":"","ocean_custom_header_template":"","ocean_custom_logo":0,"ocean_custom_retina_logo":0,"ocean_custom_logo_max_width":0,"ocean_custom_logo_tablet_max_width":0,"ocean_custom_logo_mobile_max_width":0,"ocean_custom_logo_max_height":0,"ocean_custom_logo_tablet_max_height":0,"ocean_custom_logo_mobile_max_height":0,"ocean_header_custom_menu":"","ocean_menu_typo_font_family":"","ocean_menu_typo_font_subset":"","ocean_menu_typo_font_size":0,"ocean_menu_typo_font_size_tablet":0,"ocean_menu_typo_font_size_mobile":0,"ocean_menu_typo_font_size_unit":"px","ocean_menu_typo_font_weight":"","ocean_menu_typo_font_weight_tablet":"","ocean_menu_typo_font_weight_mobile":"","ocean_menu_typo_transform":"","ocean_menu_typo_transform_tablet":"","ocean_menu_typo_transform_mobile":"","ocean_menu_typo_line_height":0,"ocean_menu_typo_line_height_tablet":0,"ocean_menu_typo_line_height_mobile":0,"ocean_menu_typo_line_height_unit":"","ocean_menu_typo_spacing":0,"ocean_menu_typo_spacing_tablet":0,"ocean_menu_typo_spacing_mobile":0,"ocean_menu_typo_spacing_unit":"","ocean_menu_link_color":"","ocean_menu_link_color_hover":"","ocean_menu_link_color_active":"","ocean_menu_link_background":"","ocean_menu_link_hover_background":"","ocean_menu_link_active_background":"","ocean_menu_social_links_bg":"","ocean_menu_social_hover_links_bg":"","ocean_menu_social_links_color":"","ocean_menu_social_hover_links_color":"","ocean_disable_title":"default","ocean_disable_heading":"default","ocean_post_title":"","ocean_post_subheading":"","ocean_post_title_style":"","ocean_post_title_background_color":"","ocean_post_title_background":0,"ocean_post_title_bg_image_position":"","ocean_post_title_bg_image_attachment":"","ocean_post_title_bg_image_repeat":"","ocean_post_title_bg_image_size":"","ocean_post_title_height":0,"ocean_post_title_bg_overlay":0.5,"ocean_post_title_bg_overlay_color":"","ocean_disable_breadcrumbs":"default","ocean_breadcrumbs_color":"","ocean_breadcrumbs_separator_color":"","ocean_breadcrumbs_links_color":"","ocean_breadcrumbs_links_hover_color":"","ocean_display_footer_widgets":"default","ocean_display_footer_bottom":"default","ocean_custom_footer_template":"","ocean_post_oembed":"","ocean_post_self_hosted_media":"","ocean_post_video_embed":"","ocean_link_format":"","ocean_link_format_target":"self","ocean_quote_format":"","ocean_quote_format_link":"post","ocean_gallery_link_images":"on","ocean_gallery_id":[],"footnotes":""},"categories":[3],"tags":[],"class_list":["post-129","post","type-post","status-publish","format-standard","hentry","category-news","entry"],"yoast_head":"<!-- This site is optimized with the Yoast SEO plugin v27.5 - https:\/\/yoast.com\/product\/yoast-seo-wordpress\/ -->\n<title>INAUGURAZIONE &quot;CASA LEONARDO&quot; &#187; Fondazione Cassa di Risparmio di Pesaro<\/title>\n<meta name=\"robots\" content=\"index, follow, max-snippet:-1, max-image-preview:large, max-video-preview:-1\" \/>\n<link rel=\"canonical\" href=\"https:\/\/www.fondazionecrpesaro.it\/fondazione\/inaugurazione-qcasa-leonardoq\/\" \/>\n<meta property=\"og:locale\" content=\"it_IT\" \/>\n<meta property=\"og:type\" content=\"article\" \/>\n<meta property=\"og:title\" content=\"INAUGURAZIONE &quot;CASA LEONARDO&quot; &#187; Fondazione Cassa di Risparmio di Pesaro\" \/>\n<meta property=\"og:description\" content=\"\u201cCasa Leonardo\u201d \u00e8 il nuovo Centro Residenziale dell\u2019A.I.A.S. Associazione Provinciale per l\u2019Assistenza agli Spastici e Discinetici che da anni, con il contributo della Fondazione, opera a favore di persone adulte [&hellip;]\" \/>\n<meta property=\"og:url\" content=\"https:\/\/www.fondazionecrpesaro.it\/fondazione\/inaugurazione-qcasa-leonardoq\/\" \/>\n<meta property=\"og:site_name\" content=\"Fondazione Cassa di Risparmio di Pesaro\" \/>\n<meta property=\"article:published_time\" content=\"2012-05-02T07:07:40+00:00\" \/>\n<meta property=\"article:modified_time\" content=\"2014-12-01T15:07:42+00:00\" \/>\n<meta name=\"author\" content=\"admin\" \/>\n<meta name=\"twitter:card\" content=\"summary_large_image\" \/>\n<meta name=\"twitter:label1\" content=\"Scritto da\" \/>\n\t<meta name=\"twitter:data1\" content=\"admin\" \/>\n\t<meta name=\"twitter:label2\" content=\"Tempo di lettura stimato\" \/>\n\t<meta name=\"twitter:data2\" content=\"1 minuto\" \/>\n<script type=\"application\/ld+json\" class=\"yoast-schema-graph\">{\"@context\":\"https:\\\/\\\/schema.org\",\"@graph\":[{\"@type\":\"Article\",\"@id\":\"https:\\\/\\\/www.fondazionecrpesaro.it\\\/fondazione\\\/inaugurazione-qcasa-leonardoq\\\/#article\",\"isPartOf\":{\"@id\":\"https:\\\/\\\/www.fondazionecrpesaro.it\\\/fondazione\\\/inaugurazione-qcasa-leonardoq\\\/\"},\"author\":{\"name\":\"admin\",\"@id\":\"https:\\\/\\\/www.fondazionecrpesaro.it\\\/fondazione\\\/#\\\/schema\\\/person\\\/bb0e75e0fa4ed92ae5318c59b50ac6f3\"},\"headline\":\"INAUGURAZIONE &#8220;CASA LEONARDO&#8221;\",\"datePublished\":\"2012-05-02T07:07:40+00:00\",\"dateModified\":\"2014-12-01T15:07:42+00:00\",\"mainEntityOfPage\":{\"@id\":\"https:\\\/\\\/www.fondazionecrpesaro.it\\\/fondazione\\\/inaugurazione-qcasa-leonardoq\\\/\"},\"wordCount\":155,\"publisher\":{\"@id\":\"https:\\\/\\\/www.fondazionecrpesaro.it\\\/fondazione\\\/#organization\"},\"articleSection\":[\"Comunicati Stampa\"],\"inLanguage\":\"it-IT\"},{\"@type\":\"WebPage\",\"@id\":\"https:\\\/\\\/www.fondazionecrpesaro.it\\\/fondazione\\\/inaugurazione-qcasa-leonardoq\\\/\",\"url\":\"https:\\\/\\\/www.fondazionecrpesaro.it\\\/fondazione\\\/inaugurazione-qcasa-leonardoq\\\/\",\"name\":\"INAUGURAZIONE \\\"CASA LEONARDO\\\" &#187; Fondazione Cassa di Risparmio di Pesaro\",\"isPartOf\":{\"@id\":\"https:\\\/\\\/www.fondazionecrpesaro.it\\\/fondazione\\\/#website\"},\"datePublished\":\"2012-05-02T07:07:40+00:00\",\"dateModified\":\"2014-12-01T15:07:42+00:00\",\"breadcrumb\":{\"@id\":\"https:\\\/\\\/www.fondazionecrpesaro.it\\\/fondazione\\\/inaugurazione-qcasa-leonardoq\\\/#breadcrumb\"},\"inLanguage\":\"it-IT\",\"potentialAction\":[{\"@type\":\"ReadAction\",\"target\":[\"https:\\\/\\\/www.fondazionecrpesaro.it\\\/fondazione\\\/inaugurazione-qcasa-leonardoq\\\/\"]}]},{\"@type\":\"BreadcrumbList\",\"@id\":\"https:\\\/\\\/www.fondazionecrpesaro.it\\\/fondazione\\\/inaugurazione-qcasa-leonardoq\\\/#breadcrumb\",\"itemListElement\":[{\"@type\":\"ListItem\",\"position\":1,\"name\":\"Home\",\"item\":\"https:\\\/\\\/www.fondazionecrpesaro.it\\\/fondazione\\\/\"},{\"@type\":\"ListItem\",\"position\":2,\"name\":\"INAUGURAZIONE &#8220;CASA LEONARDO&#8221;\"}]},{\"@type\":\"WebSite\",\"@id\":\"https:\\\/\\\/www.fondazionecrpesaro.it\\\/fondazione\\\/#website\",\"url\":\"https:\\\/\\\/www.fondazionecrpesaro.it\\\/fondazione\\\/\",\"name\":\"Fondazione Cassa di Risparmio di Pesaro\",\"description\":\"\",\"publisher\":{\"@id\":\"https:\\\/\\\/www.fondazionecrpesaro.it\\\/fondazione\\\/#organization\"},\"potentialAction\":[{\"@type\":\"SearchAction\",\"target\":{\"@type\":\"EntryPoint\",\"urlTemplate\":\"https:\\\/\\\/www.fondazionecrpesaro.it\\\/fondazione\\\/?s={search_term_string}\"},\"query-input\":{\"@type\":\"PropertyValueSpecification\",\"valueRequired\":true,\"valueName\":\"search_term_string\"}}],\"inLanguage\":\"it-IT\"},{\"@type\":\"Organization\",\"@id\":\"https:\\\/\\\/www.fondazionecrpesaro.it\\\/fondazione\\\/#organization\",\"name\":\"Fondazione Cassa di Risparmio di Pesaro\",\"url\":\"https:\\\/\\\/www.fondazionecrpesaro.it\\\/fondazione\\\/\",\"logo\":{\"@type\":\"ImageObject\",\"inLanguage\":\"it-IT\",\"@id\":\"https:\\\/\\\/www.fondazionecrpesaro.it\\\/fondazione\\\/#\\\/schema\\\/logo\\\/image\\\/\",\"url\":\"https:\\\/\\\/www.fondazionecrpesaro.it\\\/fondazione\\\/wp-content\\\/uploads\\\/2021\\\/09\\\/logo-FCRP.png\",\"contentUrl\":\"https:\\\/\\\/www.fondazionecrpesaro.it\\\/fondazione\\\/wp-content\\\/uploads\\\/2021\\\/09\\\/logo-FCRP.png\",\"width\":852,\"height\":173,\"caption\":\"Fondazione Cassa di Risparmio di Pesaro\"},\"image\":{\"@id\":\"https:\\\/\\\/www.fondazionecrpesaro.it\\\/fondazione\\\/#\\\/schema\\\/logo\\\/image\\\/\"}},{\"@type\":\"Person\",\"@id\":\"https:\\\/\\\/www.fondazionecrpesaro.it\\\/fondazione\\\/#\\\/schema\\\/person\\\/bb0e75e0fa4ed92ae5318c59b50ac6f3\",\"name\":\"admin\",\"image\":{\"@type\":\"ImageObject\",\"inLanguage\":\"it-IT\",\"@id\":\"https:\\\/\\\/secure.gravatar.com\\\/avatar\\\/0aa07693944b8b7240e25a6b3b713da444dc87bfc6deb6a8ef9fe602b4f83d12?s=96&d=mm&r=g\",\"url\":\"https:\\\/\\\/secure.gravatar.com\\\/avatar\\\/0aa07693944b8b7240e25a6b3b713da444dc87bfc6deb6a8ef9fe602b4f83d12?s=96&d=mm&r=g\",\"contentUrl\":\"https:\\\/\\\/secure.gravatar.com\\\/avatar\\\/0aa07693944b8b7240e25a6b3b713da444dc87bfc6deb6a8ef9fe602b4f83d12?s=96&d=mm&r=g\",\"caption\":\"admin\"},\"url\":\"https:\\\/\\\/www.fondazionecrpesaro.it\\\/fondazione\\\/author\\\/admin\\\/\"}]}<\/script>\n<!-- \/ Yoast SEO plugin. -->","yoast_head_json":{"title":"INAUGURAZIONE \"CASA LEONARDO\" &#187; Fondazione Cassa di Risparmio di Pesaro","robots":{"index":"index","follow":"follow","max-snippet":"max-snippet:-1","max-image-preview":"max-image-preview:large","max-video-preview":"max-video-preview:-1"},"canonical":"https:\/\/www.fondazionecrpesaro.it\/fondazione\/inaugurazione-qcasa-leonardoq\/","og_locale":"it_IT","og_type":"article","og_title":"INAUGURAZIONE \"CASA LEONARDO\" &#187; Fondazione Cassa di Risparmio di Pesaro","og_description":"\u201cCasa Leonardo\u201d \u00e8 il nuovo Centro Residenziale dell\u2019A.I.A.S. Associazione Provinciale per l\u2019Assistenza agli Spastici e Discinetici che da anni, con il contributo della Fondazione, opera a favore di persone adulte [&hellip;]","og_url":"https:\/\/www.fondazionecrpesaro.it\/fondazione\/inaugurazione-qcasa-leonardoq\/","og_site_name":"Fondazione Cassa di Risparmio di Pesaro","article_published_time":"2012-05-02T07:07:40+00:00","article_modified_time":"2014-12-01T15:07:42+00:00","author":"admin","twitter_card":"summary_large_image","twitter_misc":{"Scritto da":"admin","Tempo di lettura stimato":"1 minuto"},"schema":{"@context":"https:\/\/schema.org","@graph":[{"@type":"Article","@id":"https:\/\/www.fondazionecrpesaro.it\/fondazione\/inaugurazione-qcasa-leonardoq\/#article","isPartOf":{"@id":"https:\/\/www.fondazionecrpesaro.it\/fondazione\/inaugurazione-qcasa-leonardoq\/"},"author":{"name":"admin","@id":"https:\/\/www.fondazionecrpesaro.it\/fondazione\/#\/schema\/person\/bb0e75e0fa4ed92ae5318c59b50ac6f3"},"headline":"INAUGURAZIONE &#8220;CASA LEONARDO&#8221;","datePublished":"2012-05-02T07:07:40+00:00","dateModified":"2014-12-01T15:07:42+00:00","mainEntityOfPage":{"@id":"https:\/\/www.fondazionecrpesaro.it\/fondazione\/inaugurazione-qcasa-leonardoq\/"},"wordCount":155,"publisher":{"@id":"https:\/\/www.fondazionecrpesaro.it\/fondazione\/#organization"},"articleSection":["Comunicati Stampa"],"inLanguage":"it-IT"},{"@type":"WebPage","@id":"https:\/\/www.fondazionecrpesaro.it\/fondazione\/inaugurazione-qcasa-leonardoq\/","url":"https:\/\/www.fondazionecrpesaro.it\/fondazione\/inaugurazione-qcasa-leonardoq\/","name":"INAUGURAZIONE \"CASA LEONARDO\" &#187; Fondazione Cassa di Risparmio di Pesaro","isPartOf":{"@id":"https:\/\/www.fondazionecrpesaro.it\/fondazione\/#website"},"datePublished":"2012-05-02T07:07:40+00:00","dateModified":"2014-12-01T15:07:42+00:00","breadcrumb":{"@id":"https:\/\/www.fondazionecrpesaro.it\/fondazione\/inaugurazione-qcasa-leonardoq\/#breadcrumb"},"inLanguage":"it-IT","potentialAction":[{"@type":"ReadAction","target":["https:\/\/www.fondazionecrpesaro.it\/fondazione\/inaugurazione-qcasa-leonardoq\/"]}]},{"@type":"BreadcrumbList","@id":"https:\/\/www.fondazionecrpesaro.it\/fondazione\/inaugurazione-qcasa-leonardoq\/#breadcrumb","itemListElement":[{"@type":"ListItem","position":1,"name":"Home","item":"https:\/\/www.fondazionecrpesaro.it\/fondazione\/"},{"@type":"ListItem","position":2,"name":"INAUGURAZIONE &#8220;CASA LEONARDO&#8221;"}]},{"@type":"WebSite","@id":"https:\/\/www.fondazionecrpesaro.it\/fondazione\/#website","url":"https:\/\/www.fondazionecrpesaro.it\/fondazione\/","name":"Fondazione Cassa di Risparmio di Pesaro","description":"","publisher":{"@id":"https:\/\/www.fondazionecrpesaro.it\/fondazione\/#organization"},"potentialAction":[{"@type":"SearchAction","target":{"@type":"EntryPoint","urlTemplate":"https:\/\/www.fondazionecrpesaro.it\/fondazione\/?s={search_term_string}"},"query-input":{"@type":"PropertyValueSpecification","valueRequired":true,"valueName":"search_term_string"}}],"inLanguage":"it-IT"},{"@type":"Organization","@id":"https:\/\/www.fondazionecrpesaro.it\/fondazione\/#organization","name":"Fondazione Cassa di Risparmio di Pesaro","url":"https:\/\/www.fondazionecrpesaro.it\/fondazione\/","logo":{"@type":"ImageObject","inLanguage":"it-IT","@id":"https:\/\/www.fondazionecrpesaro.it\/fondazione\/#\/schema\/logo\/image\/","url":"https:\/\/www.fondazionecrpesaro.it\/fondazione\/wp-content\/uploads\/2021\/09\/logo-FCRP.png","contentUrl":"https:\/\/www.fondazionecrpesaro.it\/fondazione\/wp-content\/uploads\/2021\/09\/logo-FCRP.png","width":852,"height":173,"caption":"Fondazione Cassa di Risparmio di Pesaro"},"image":{"@id":"https:\/\/www.fondazionecrpesaro.it\/fondazione\/#\/schema\/logo\/image\/"}},{"@type":"Person","@id":"https:\/\/www.fondazionecrpesaro.it\/fondazione\/#\/schema\/person\/bb0e75e0fa4ed92ae5318c59b50ac6f3","name":"admin","image":{"@type":"ImageObject","inLanguage":"it-IT","@id":"https:\/\/secure.gravatar.com\/avatar\/0aa07693944b8b7240e25a6b3b713da444dc87bfc6deb6a8ef9fe602b4f83d12?s=96&d=mm&r=g","url":"https:\/\/secure.gravatar.com\/avatar\/0aa07693944b8b7240e25a6b3b713da444dc87bfc6deb6a8ef9fe602b4f83d12?s=96&d=mm&r=g","contentUrl":"https:\/\/secure.gravatar.com\/avatar\/0aa07693944b8b7240e25a6b3b713da444dc87bfc6deb6a8ef9fe602b4f83d12?s=96&d=mm&r=g","caption":"admin"},"url":"https:\/\/www.fondazionecrpesaro.it\/fondazione\/author\/admin\/"}]}},"_links":{"self":[{"href":"https:\/\/www.fondazionecrpesaro.it\/fondazione\/wp-json\/wp\/v2\/posts\/129","targetHints":{"allow":["GET"]}}],"collection":[{"href":"https:\/\/www.fondazionecrpesaro.it\/fondazione\/wp-json\/wp\/v2\/posts"}],"about":[{"href":"https:\/\/www.fondazionecrpesaro.it\/fondazione\/wp-json\/wp\/v2\/types\/post"}],"author":[{"embeddable":true,"href":"https:\/\/www.fondazionecrpesaro.it\/fondazione\/wp-json\/wp\/v2\/users\/1"}],"replies":[{"embeddable":true,"href":"https:\/\/www.fondazionecrpesaro.it\/fondazione\/wp-json\/wp\/v2\/comments?post=129"}],"version-history":[{"count":0,"href":"https:\/\/www.fondazionecrpesaro.it\/fondazione\/wp-json\/wp\/v2\/posts\/129\/revisions"}],"wp:attachment":[{"href":"https:\/\/www.fondazionecrpesaro.it\/fondazione\/wp-json\/wp\/v2\/media?parent=129"}],"wp:term":[{"taxonomy":"category","embeddable":true,"href":"https:\/\/www.fondazionecrpesaro.it\/fondazione\/wp-json\/wp\/v2\/categories?post=129"},{"taxonomy":"post_tag","embeddable":true,"href":"https:\/\/www.fondazionecrpesaro.it\/fondazione\/wp-json\/wp\/v2\/tags?post=129"}],"curies":[{"name":"wp","href":"https:\/\/api.w.org\/{rel}","templated":true}]}}